{"id":10596,"date":"2021-03-26T16:27:43","date_gmt":"2021-03-26T19:27:43","guid":{"rendered":"https:\/\/historia.dwsemanadedesign.com.br\/dwfestival2023\/?p=10596"},"modified":"2021-03-26T17:21:02","modified_gmt":"2021-03-26T20:21:02","slug":"10-inspiradoras-combinacoes-revestimentos-ceramicos","status":"publish","type":"post","link":"https:\/\/historia.dwsemanadedesign.com.br\/dwfestival2023\/10-inspiradoras-combinacoes-revestimentos-ceramicos\/","title":{"rendered":"Mostra re\u00fane 10 inspiradoras combina\u00e7\u00f5es de revestimentos em pisos, paredes e mobili\u00e1rio"},"content":{"rendered":"<p>O que h\u00e1 de mais tecnol\u00f3gico no setor de revestimentos e possibilidades incr\u00edveis de combina\u00e7\u00f5es criadas em parceria com grandes nomes da arquitetura e do design nacional e internacional aparecem na segunda edi\u00e7\u00e3o da <a href=\"https:\/\/www.portobello.com.br\/mostra-unltd-2ed\" target=\"_blank\" rel=\"noopener\">Mostra Portobello Unlimited<\/a>.<br \/>\n\u2800<br \/>\nS\u00e3o 10 ambientes montados em nove cidades brasileiras dentro de lojas Portobello. Confira os ambientes e inspire-se!<\/p>\n<h3><strong>1. Maur\u00edcio Arruda<\/strong><\/h3>\n<figure id=\"attachment_10603\" aria-describedby=\"caption-attachment-10603\" style=\"width: 1024px\" class=\"wp-caption alignnone\"><img decoding=\"async\" loading=\"lazy\" class=\"wp-image-10603 size-large\" src=\"https:\/\/historia.dwsemanadedesign.com.br\/dwfestival2023\/wp-content\/uploads\/2021\/03\/Mauricio-Arruda-revestimentos_portobello-1024x683.jpg\" alt=\"\" width=\"1024\" height=\"683\" srcset=\"https:\/\/historia.dwsemanadedesign.com.br\/dwfestival2023\/wp-content\/uploads\/2021\/03\/Mauricio-Arruda-revestimentos_portobello-1024x683.jpg 1024w, https:\/\/historia.dwsemanadedesign.com.br\/dwfestival2023\/wp-content\/uploads\/2021\/03\/Mauricio-Arruda-revestimentos_portobello-246x164.jpg 246w, https:\/\/historia.dwsemanadedesign.com.br\/dwfestival2023\/wp-content\/uploads\/2021\/03\/Mauricio-Arruda-revestimentos_portobello-768x512.jpg 768w, https:\/\/historia.dwsemanadedesign.com.br\/dwfestival2023\/wp-content\/uploads\/2021\/03\/Mauricio-Arruda-revestimentos_portobello-1536x1024.jpg 1536w, https:\/\/historia.dwsemanadedesign.com.br\/dwfestival2023\/wp-content\/uploads\/2021\/03\/Mauricio-Arruda-revestimentos_portobello.jpg 1620w\" sizes=\"(max-width: 1024px) 100vw, 1024px\" \/><figcaption id=\"caption-attachment-10603\" class=\"wp-caption-text\">O ambiente est\u00e1 montado na Portobello Shop de Porto Alegre (RS) e foram utilizadas as lastras\u00a0Bianco di Lucca Natural &#8211;\u00a0120&#215;270 e o revestimento\u00a0Chelsea Dark Red.<\/figcaption><\/figure>\n<p><em><br \/>\n&#8220;Uma nova interpreta\u00e7\u00e3o de uma pedra cl\u00e1ssica.\u00a0Nessa cozinha conceitual, as lastras do Bianco Di Lucca foram combinadas com outro material natural, por\u00e9m, muito mais r\u00fastico, a terracota do Chelsea Dark Red, que reveste piso e paredes.<\/em><\/p>\n<p><em>Esse contraste de texturas e cores surgiu da ideia de ressaltar ainda mais as lastras do porcelanato que revestem o front\u00e3o e constroem a bancada, ilha e tamb\u00e9m prateleiras. A terracota artesanal e as lastras que remetem ao m\u00e1rmore mate criam um di\u00e1logo sobre como a natureza se expressa de formas diferentes, mas complementares.<\/em><br \/>\n<em>O m\u00e1rmore e o barro fazem parte da hist\u00f3ria da cozinha. Estiveram sempre presentes em suas \u00e1reas de trabalho e utens\u00edlios e aqui os dois materiais criam juntos um espa\u00e7o contempor\u00e2neo, minimalista e t\u00e1til. Uma nova interpreta\u00e7\u00e3o do m\u00e1rmore, mais associada \u00e0s nossas origens, ao essencial e ao tempo das coisas&#8221;<\/em>.<\/p>\n<h3><strong>2. Li Edelkoort<\/strong><\/h3>\n<figure id=\"attachment_10602\" aria-describedby=\"caption-attachment-10602\" style=\"width: 1024px\" class=\"wp-caption alignnone\"><img decoding=\"async\" loading=\"lazy\" class=\"wp-image-10602 size-large\" src=\"https:\/\/historia.dwsemanadedesign.com.br\/dwfestival2023\/wp-content\/uploads\/2021\/03\/Li-Edelkoorta-revestimentos_portobello-1024x740.jpg\" alt=\"\" width=\"1024\" height=\"740\" srcset=\"https:\/\/historia.dwsemanadedesign.com.br\/dwfestival2023\/wp-content\/uploads\/2021\/03\/Li-Edelkoorta-revestimentos_portobello-1024x740.jpg 1024w, https:\/\/historia.dwsemanadedesign.com.br\/dwfestival2023\/wp-content\/uploads\/2021\/03\/Li-Edelkoorta-revestimentos_portobello-246x178.jpg 246w, https:\/\/historia.dwsemanadedesign.com.br\/dwfestival2023\/wp-content\/uploads\/2021\/03\/Li-Edelkoorta-revestimentos_portobello-768x555.jpg 768w, https:\/\/historia.dwsemanadedesign.com.br\/dwfestival2023\/wp-content\/uploads\/2021\/03\/Li-Edelkoorta-revestimentos_portobello.jpg 1495w\" sizes=\"(max-width: 1024px) 100vw, 1024px\" \/><figcaption id=\"caption-attachment-10602\" class=\"wp-caption-text\">Foram usados os seguintes produtos Portobello: STILL NOW 160X320, NORDIK WOOD, GOUACHE NUAGE 15,5X15,5 MATTE, GOUACHE NUAGE 15,5X15,5 BRILHO, PAISANO MIX CRISTAL e Siena Chianti (no tampo de mesa).<\/figcaption><\/figure>\n<p>&nbsp;<\/p>\n<p><em>&#8220;Quando fui convidada fazer as colabora\u00e7\u00f5es com a Portobello, as primeiras mem\u00f3rias que vieram \u00e0 mente foram minhas viagens ao Swinging London nos anos 70 para fazer compras na Biba e encontrar bugigangas e roupas vintage no Portobello Road Market. Foi l\u00e1 que o jovem Jimi\u00a0Hendrix encontrou seu ic\u00f4nico palet\u00f3 decorado que se tornou ic\u00f4nico e est\u00e1 na moda hoje. Cinq\u00fcenta anos depois, nosso humor est\u00e1 novamente se tornando rom\u00e2ntico e, \u00e0s vezes, melanc\u00f3lico, ansiando por uma era h\u00e1 muito perdida e o lado mais suave do design, reinventado com cer\u00e2micas brancas, vasos de cristal, len\u00e7\u00f3is brancos e v\u00e1rios espelhos.<\/em><\/p>\n<p><em>Devido \u00e0 pandemia, as pessoas est\u00e3o se mudando para o campo em grande n\u00famero, determinadas a viver uma vida alternativa ao ar livre, e tendo o trabalho em casa como a nova norma. Outras pessoas est\u00e3o comprando pequenas cabanas para escapar dos fins de semana polu\u00eddos na cidade ou se mudando para os arredores da cidade para ter jardins e parques. Essa nova supertend\u00eancia est\u00e1 acontecendo em T\u00f3quio, Paris, Nova York e Bras\u00edlia ao mesmo tempo; parece um \u00eaxodo em forma\u00e7\u00e3o, redistribuindo o espa\u00e7o vital ao longo do caminho.<\/em><\/p>\n<p><em>Esta mudan\u00e7a repentina para pastagens mais verdes desencadeou a necessidade de interiores rurais e rom\u00e2nticos, inspirados em antigas quintas e celeiros com vigas e pisos de madeira, lambris rigorosos, velhos arm\u00e1rios e mesas agr\u00edcolas revestidas a m\u00e1rmore ou incrustadas com azulejos. At\u00e9 o fog\u00e3o a lenha de amanh\u00e3 quer se expressar em cer\u00e2mica.<\/em><\/p>\n<p><em>Esta via da mem\u00f3ria inspirou o uso de cer\u00e2mica e azulejos, dando uma nova camada a materiais at\u00e9 ent\u00e3o modernistas. Voltar \u00e0s suas origens traz \u00e0 tona um novo clima id\u00edlico, convidando os clientes a assar p\u00e3o e cozinhar sopa, cortar flores e remendar tecidos, bordar e expressar sua criatividade apaixonada. Todos esperamos que o melhor ainda esteja por vir, com menos viagens, um ritmo mais lento e uma vida mais plena.&#8221;<\/em><\/p>\n<h3><strong>3. Guilherme Wentz<\/strong><\/h3>\n<figure id=\"attachment_10600\" aria-describedby=\"caption-attachment-10600\" style=\"width: 1024px\" class=\"wp-caption alignnone\"><img decoding=\"async\" loading=\"lazy\" class=\"wp-image-10600 size-large\" src=\"https:\/\/historia.dwsemanadedesign.com.br\/dwfestival2023\/wp-content\/uploads\/2021\/03\/Guilherme-Wentz-revestimentos_portobello-1024x683.jpg\" alt=\"\" width=\"1024\" height=\"683\" srcset=\"https:\/\/historia.dwsemanadedesign.com.br\/dwfestival2023\/wp-content\/uploads\/2021\/03\/Guilherme-Wentz-revestimentos_portobello-1024x683.jpg 1024w, https:\/\/historia.dwsemanadedesign.com.br\/dwfestival2023\/wp-content\/uploads\/2021\/03\/Guilherme-Wentz-revestimentos_portobello-246x164.jpg 246w, https:\/\/historia.dwsemanadedesign.com.br\/dwfestival2023\/wp-content\/uploads\/2021\/03\/Guilherme-Wentz-revestimentos_portobello-768x512.jpg 768w, https:\/\/historia.dwsemanadedesign.com.br\/dwfestival2023\/wp-content\/uploads\/2021\/03\/Guilherme-Wentz-revestimentos_portobello-1536x1024.jpg 1536w, https:\/\/historia.dwsemanadedesign.com.br\/dwfestival2023\/wp-content\/uploads\/2021\/03\/Guilherme-Wentz-revestimentos_portobello.jpg 1620w\" sizes=\"(max-width: 1024px) 100vw, 1024px\" \/><figcaption id=\"caption-attachment-10600\" class=\"wp-caption-text\">Neste projeto foram usados os produtos BONBON WHITE e STILL NOW 120X270 da Portobello.<\/figcaption><\/figure>\n<p>&nbsp;<\/p>\n<p>O designer de produtos leva ao extremo seus conceitos sob o morar. A busca por formas naturais e a casualidade nas rela\u00e7\u00f5es deram vida a um ambiente onde o protagonista \u00e9 o pr\u00f3prio piso que, com sua forma org\u00e2nica, cria uma sala de estar quase ut\u00f3pica, que remete \u00e0s paisagens naturais. O convite a sentar-se pr\u00f3ximo ao ch\u00e3o sugere uma intera\u00e7\u00e3o casual daqueles que usam o espa\u00e7o, lembrando ambientes primitivos de conviv\u00eancia.<\/p>\n<p>O uso das lastras, nas paredes, destaca a textura r\u00fastica do cimento e aquece o ambiente, enquanto o Bonbon, utilizado no piso, cria outra textura a partir do seu formato e permite as linhas curvas que definem o projeto.<\/p>\n<h3><strong>4. F\u00e1bio Novembre<\/strong><\/h3>\n<figure id=\"attachment_10598\" aria-describedby=\"caption-attachment-10598\" style=\"width: 1024px\" class=\"wp-caption alignnone\"><img decoding=\"async\" loading=\"lazy\" class=\"wp-image-10598 size-large\" src=\"https:\/\/historia.dwsemanadedesign.com.br\/dwfestival2023\/wp-content\/uploads\/2021\/03\/Fabio-Novembre-revestimentos_portobello-cafe-1024x710.jpg\" alt=\"\" width=\"1024\" height=\"710\" srcset=\"https:\/\/historia.dwsemanadedesign.com.br\/dwfestival2023\/wp-content\/uploads\/2021\/03\/Fabio-Novembre-revestimentos_portobello-cafe-1024x710.jpg 1024w, https:\/\/historia.dwsemanadedesign.com.br\/dwfestival2023\/wp-content\/uploads\/2021\/03\/Fabio-Novembre-revestimentos_portobello-cafe-246x171.jpg 246w, https:\/\/historia.dwsemanadedesign.com.br\/dwfestival2023\/wp-content\/uploads\/2021\/03\/Fabio-Novembre-revestimentos_portobello-cafe-768x532.jpg 768w, https:\/\/historia.dwsemanadedesign.com.br\/dwfestival2023\/wp-content\/uploads\/2021\/03\/Fabio-Novembre-revestimentos_portobello-cafe-1536x1065.jpg 1536w, https:\/\/historia.dwsemanadedesign.com.br\/dwfestival2023\/wp-content\/uploads\/2021\/03\/Fabio-Novembre-revestimentos_portobello-cafe.jpg 1558w\" sizes=\"(max-width: 1024px) 100vw, 1024px\" \/><figcaption id=\"caption-attachment-10598\" class=\"wp-caption-text\">A lastra BLEU DE SAVOIE 120X270 da Portobello foi usada neste projeto.<\/figcaption><\/figure>\n<p>&nbsp;<\/p>\n<p><em>&#8221; Quando a Portobello me pediu para imaginar um caf\u00e9 dentro da loja, a primeira coisa que eu pensei foi no momento hist\u00f3rico em que estamos vivendo e no contraste, di\u00e1rio, entre o desejo de contato humano e a impossibilidade de t\u00ea-lo.\u00a0Nasceu, assim, um projeto em que o espa\u00e7o de sociabilidade foi pensado como um espa\u00e7o teatral, habitado por m\u00e1scaras.<\/em><br \/>\n<em><br \/>\nA teatralidade da M\u00e1scara permite que voc\u00ea se esconda, se proteja e se isole em um lugar secreto. Os olhos permitem que voc\u00ea veja sem ser visto.<\/em><br \/>\n<em>Esse contexto social remete ao classicismo, e s\u00f3 poderia ser expressado por uma preciosa urna revestimento cer\u00e2mico, que interpreta m\u00e1rmore, interrompida apenas por um feixe de luz que entra pela janela, carregando a energia da paisagem brasileira, que sempre me fascinou.&#8221;<\/em><\/p>\n<h3><strong>5. Clay Rodrigues\u00a0<\/strong><\/h3>\n<figure id=\"attachment_10606\" aria-describedby=\"caption-attachment-10606\" style=\"width: 1024px\" class=\"wp-caption alignnone\"><img decoding=\"async\" loading=\"lazy\" class=\"wp-image-10606 size-large\" src=\"https:\/\/historia.dwsemanadedesign.com.br\/dwfestival2023\/wp-content\/uploads\/2021\/03\/Clay-Rodrigues-revestimeto-portobello-1024x610.jpg\" alt=\"\" width=\"1024\" height=\"610\" srcset=\"https:\/\/historia.dwsemanadedesign.com.br\/dwfestival2023\/wp-content\/uploads\/2021\/03\/Clay-Rodrigues-revestimeto-portobello-1024x610.jpg 1024w, https:\/\/historia.dwsemanadedesign.com.br\/dwfestival2023\/wp-content\/uploads\/2021\/03\/Clay-Rodrigues-revestimeto-portobello-246x147.jpg 246w, https:\/\/historia.dwsemanadedesign.com.br\/dwfestival2023\/wp-content\/uploads\/2021\/03\/Clay-Rodrigues-revestimeto-portobello-768x458.jpg 768w, https:\/\/historia.dwsemanadedesign.com.br\/dwfestival2023\/wp-content\/uploads\/2021\/03\/Clay-Rodrigues-revestimeto-portobello-1536x915.jpg 1536w, https:\/\/historia.dwsemanadedesign.com.br\/dwfestival2023\/wp-content\/uploads\/2021\/03\/Clay-Rodrigues-revestimeto-portobello.jpg 1812w\" sizes=\"(max-width: 1024px) 100vw, 1024px\" \/><figcaption id=\"caption-attachment-10606\" class=\"wp-caption-text\">Lastras PALISSANDRO e CONCRETE WHITE aparecem no projeto.<\/figcaption><\/figure>\n<p>&nbsp;<\/p>\n<p><em>&#8220;Quando falamos de grandes lastras, o primeiro cen\u00e1rio modernista a explorar grandes propor\u00e7\u00f5es que me vem \u00e0 mente \u00e9 o pavilh\u00e3o alem\u00e3o para a Feira Mundial de 1929, em Barcelona, projetada por Ludwig Mies van der Rohe. Inspirado nessa obra, revestimos toda a caixa do ambiente com a lastra Palissandro. Aplicamos um tensoflex na parede ao fundo do cubo, junto a um espelho central, que \u00e9 sustentado dentro de um nicho e com pilares met\u00e1licos no mesmo formato dos desenhados para o pavilh\u00e3o. A lumin\u00e1ria, com ar industrial, e m\u00f3veis de apoio, com m\u00e1rmore verde assinados por Jader Almeida, complementam a ambienta\u00e7\u00e3o e levam \u00a0aconchego e sofistica\u00e7\u00e3o ao projeto.&#8221;<\/em><\/p>\n<h3><strong>6. Rodrigo Fagg\u00e1<\/strong><\/h3>\n<figure id=\"attachment_10604\" aria-describedby=\"caption-attachment-10604\" style=\"width: 819px\" class=\"wp-caption alignnone\"><img decoding=\"async\" loading=\"lazy\" class=\"wp-image-10604 size-large\" src=\"https:\/\/historia.dwsemanadedesign.com.br\/dwfestival2023\/wp-content\/uploads\/2021\/03\/Rodrigo-Faga-revestimentos_portobello-819x1024.jpg\" alt=\"\" width=\"819\" height=\"1024\" srcset=\"https:\/\/historia.dwsemanadedesign.com.br\/dwfestival2023\/wp-content\/uploads\/2021\/03\/Rodrigo-Faga-revestimentos_portobello-819x1024.jpg 819w, https:\/\/historia.dwsemanadedesign.com.br\/dwfestival2023\/wp-content\/uploads\/2021\/03\/Rodrigo-Faga-revestimentos_portobello-197x246.jpg 197w, https:\/\/historia.dwsemanadedesign.com.br\/dwfestival2023\/wp-content\/uploads\/2021\/03\/Rodrigo-Faga-revestimentos_portobello-768x960.jpg 768w, https:\/\/historia.dwsemanadedesign.com.br\/dwfestival2023\/wp-content\/uploads\/2021\/03\/Rodrigo-Faga-revestimentos_portobello.jpg 864w\" sizes=\"(max-width: 819px) 100vw, 819px\" \/><figcaption id=\"caption-attachment-10604\" class=\"wp-caption-text\">O Cobog\u00f3 Munda\u00fa e duas medidas de Via Durini Dark Grey aparecem no projeto.<\/figcaption><\/figure>\n<p><em>&#8220;Imergi na paisagem das lagoas e em sua fauna &#8211; o sururu (patrim\u00f4nio imaterial de Alagoas) &#8211; para, tirando partido desse lan\u00e7amento emblem\u00e1tico, unir minhas vertentes que sempre beberam na brasilidade e na intemporalidade.\u00a0O Terra\u00e7o Munda\u00fa \u00e9 absolutamente autoral, trazendo para a Mostra um resultado que ultrapassa a urg\u00eancia de processos e troca ideias com tend\u00eancias, sem abrir m\u00e3o da personalidade.&#8221;<\/em><\/p>\n<h3><strong>7. Humberto Zirpoli<\/strong><\/h3>\n<figure id=\"attachment_10601\" aria-describedby=\"caption-attachment-10601\" style=\"width: 819px\" class=\"wp-caption alignnone\"><img decoding=\"async\" loading=\"lazy\" class=\"wp-image-10601 size-large\" src=\"https:\/\/historia.dwsemanadedesign.com.br\/dwfestival2023\/wp-content\/uploads\/2021\/03\/Humberto-Zirpoli-revestimentos_portobello-819x1024.jpg\" alt=\"\" width=\"819\" height=\"1024\" \/><figcaption id=\"caption-attachment-10601\" class=\"wp-caption-text\">O ambiente combina a lastra Bleu de Savoie com Vedononvedo e Gouache Charbon; todos revestimentos s\u00e3o da Portobello.<\/figcaption><\/figure>\n<p>&nbsp;<\/p>\n<p>Design, sofistica\u00e7\u00e3o e sustentabilidade, definem o Escrit\u00f3rio. A nov\u00edssima lastra Bleu de Savoie 120&#215;270, foi o ponto de partida para a concep\u00e7\u00e3o do espa\u00e7o. Compondo com esse belo marmorizado, as pe\u00e7as de detalhes escolhidas contrastam com uma ilumina\u00e7\u00e3o pontual, definindo uma superf\u00edcie vers\u00e1til, com uma paleta de cores nos tons de cinza e grafite. Detalhes como o Vedononvedo, que ressignifica o espelho atrav\u00e9s da inser\u00e7\u00e3o de desenhos abstratos, unindo-se \u00e0 nuance do Gouache Charbon Mate, retratam uma atmosfera moderna e acolhedora, cheia de personalidade.<\/p>\n<h3><strong>8. Stephanie Ribeiro<\/strong><\/h3>\n<p><img decoding=\"async\" loading=\"lazy\" class=\"alignnone wp-image-10605 size-large\" src=\"https:\/\/historia.dwsemanadedesign.com.br\/dwfestival2023\/wp-content\/uploads\/2021\/03\/Stephanie-Ribeiro-revestimentos_portobello-683x1024.jpg\" alt=\"\" width=\"683\" height=\"1024\" srcset=\"https:\/\/historia.dwsemanadedesign.com.br\/dwfestival2023\/wp-content\/uploads\/2021\/03\/Stephanie-Ribeiro-revestimentos_portobello-683x1024.jpg 683w, https:\/\/historia.dwsemanadedesign.com.br\/dwfestival2023\/wp-content\/uploads\/2021\/03\/Stephanie-Ribeiro-revestimentos_portobello-164x246.jpg 164w, https:\/\/historia.dwsemanadedesign.com.br\/dwfestival2023\/wp-content\/uploads\/2021\/03\/Stephanie-Ribeiro-revestimentos_portobello-768x1152.jpg 768w, https:\/\/historia.dwsemanadedesign.com.br\/dwfestival2023\/wp-content\/uploads\/2021\/03\/Stephanie-Ribeiro-revestimentos_portobello-1024x1536.jpg 1024w, https:\/\/historia.dwsemanadedesign.com.br\/dwfestival2023\/wp-content\/uploads\/2021\/03\/Stephanie-Ribeiro-revestimentos_portobello.jpg 1200w\" sizes=\"(max-width: 683px) 100vw, 683px\" \/><\/p>\n<p>&nbsp;<\/p>\n<p><em>&#8220;Caquinhos de cer\u00e2mica fazem parte da mem\u00f3ria afetiva de muitos e demonstram a reutiliza\u00e7\u00e3o de pe\u00e7as quebradas nos processos antigos de produ\u00e7\u00e3o de revestimento. Esse foi o ponto de partida para pensar no que se opunha \u00e0 lastra cont\u00ednua e seu rejunte praticamente invis\u00edvel, optando pelo uso da linha Ipanema, de Oskar Metsavaht para Portobello. Fazendo assim, refer\u00eancia \u00e0 cidade e bairro em que estamos localizados e \u00e0 imagem do caquinho cer\u00e2mico. Por isso, um grande banco, que invade as duas \u00e1reas revestidas, \u00e9 uma linha do tempo que une passado com o futuro. Em um extremo, uma lumin\u00e1ria em linha traz a ideia do contempor\u00e2neo, do simples e reto. J\u00e1 do outro, uma obra de arte em cordas mostra o org\u00e2nico, o natural, o que sai do nosso controle. O espa\u00e7o \u00e9 uma brincadeira de opostos, mostrando que \u00e9 poss\u00edvel, nas diferen\u00e7as, chegar num consenso est\u00e9tico sem anular nossas in\u00fameras ess\u00eancias e possibilidades.<\/em>&#8221;<\/p>\n<p>Foram usadas a\u00a0lastra Bleu de Savoie e a linha Ipanema da Portobello.<\/p>\n<h3><strong>9. Frezza &amp; Figueiredo<\/strong><\/h3>\n<p><img decoding=\"async\" loading=\"lazy\" class=\"alignnone wp-image-10599 size-large\" src=\"https:\/\/historia.dwsemanadedesign.com.br\/dwfestival2023\/wp-content\/uploads\/2021\/03\/Fabricio-Frezza-Gabriel-Figueiredo-revestimentos_portobello-1024x683.jpg\" alt=\"\" width=\"1024\" height=\"683\" srcset=\"https:\/\/historia.dwsemanadedesign.com.br\/dwfestival2023\/wp-content\/uploads\/2021\/03\/Fabricio-Frezza-Gabriel-Figueiredo-revestimentos_portobello-1024x683.jpg 1024w, https:\/\/historia.dwsemanadedesign.com.br\/dwfestival2023\/wp-content\/uploads\/2021\/03\/Fabricio-Frezza-Gabriel-Figueiredo-revestimentos_portobello-246x164.jpg 246w, https:\/\/historia.dwsemanadedesign.com.br\/dwfestival2023\/wp-content\/uploads\/2021\/03\/Fabricio-Frezza-Gabriel-Figueiredo-revestimentos_portobello-768x512.jpg 768w, https:\/\/historia.dwsemanadedesign.com.br\/dwfestival2023\/wp-content\/uploads\/2021\/03\/Fabricio-Frezza-Gabriel-Figueiredo-revestimentos_portobello-1536x1024.jpg 1536w, https:\/\/historia.dwsemanadedesign.com.br\/dwfestival2023\/wp-content\/uploads\/2021\/03\/Fabricio-Frezza-Gabriel-Figueiredo-revestimentos_portobello.jpg 1620w\" sizes=\"(max-width: 1024px) 100vw, 1024px\" \/><\/p>\n<p>&nbsp;<\/p>\n<p><em>&#8220;Um convite ao descanso e relaxamento. Uma simb\u00f3lica nuvem de lastras sobre n\u00f3s e um abra\u00e7o imagin\u00e1rio de um azul celeste que nos faz esquecer o tempo para passarmos bons momentos conosco. \u00a0O piso da linha Bonbon nos provoca a ficar descal\u00e7os e sentir a textura que nos transporta para a inf\u00e2ncia e liberdade. A linha Gouache, com toque mate, sugere uma janela em meio ao c\u00e9u. A NUVEM sente o impulso do presente, transita e nos conduz para o agora, \u00a0remete ao c\u00e9u que acolhe e que torna o momento passageiro. Um lugar que nos convida a evoluir e encontrar a paz quando sabemos que se nos erguermos o suficiente, veremos al\u00e9m do horizonte.&#8221;<\/em><\/p>\n<h3><strong>10. David Bastos<\/strong><\/h3>\n<figure id=\"attachment_10597\" aria-describedby=\"caption-attachment-10597\" style=\"width: 1024px\" class=\"wp-caption alignnone\"><img decoding=\"async\" loading=\"lazy\" class=\"wp-image-10597 size-large\" src=\"https:\/\/historia.dwsemanadedesign.com.br\/dwfestival2023\/wp-content\/uploads\/2021\/03\/David-Bastos-revestimentos_portobello-1024x600.jpg\" alt=\"\" width=\"1024\" height=\"600\" srcset=\"https:\/\/historia.dwsemanadedesign.com.br\/dwfestival2023\/wp-content\/uploads\/2021\/03\/David-Bastos-revestimentos_portobello-1024x600.jpg 1024w, https:\/\/historia.dwsemanadedesign.com.br\/dwfestival2023\/wp-content\/uploads\/2021\/03\/David-Bastos-revestimentos_portobello-246x144.jpg 246w, https:\/\/historia.dwsemanadedesign.com.br\/dwfestival2023\/wp-content\/uploads\/2021\/03\/David-Bastos-revestimentos_portobello-768x450.jpg 768w, https:\/\/historia.dwsemanadedesign.com.br\/dwfestival2023\/wp-content\/uploads\/2021\/03\/David-Bastos-revestimentos_portobello-1536x900.jpg 1536w, https:\/\/historia.dwsemanadedesign.com.br\/dwfestival2023\/wp-content\/uploads\/2021\/03\/David-Bastos-revestimentos_portobello.jpg 1843w\" sizes=\"(max-width: 1024px) 100vw, 1024px\" \/><figcaption id=\"caption-attachment-10597\" class=\"wp-caption-text\">As lastras VIA DURINI DARK GREY e CALACATTA BLANC aparecem no projeto.<\/figcaption><\/figure>\n<p>&nbsp;<\/p>\n<p><em>&#8220;A Portobello deu carta branca ao nosso escrit\u00f3rio para criar este espa\u00e7o. O \u00fanico pedido: que us\u00e1ssemos as maxi-lastras rec\u00e9m lan\u00e7adas, que chegam a 3.20 de altura e podem ser customizadas das mais diversas formas. Trabalhar com um produto de alta tecnologia e resist\u00eancia, que ainda oferece versatilidade de desenho, \u00e9 o sonho de todo arquiteto.\u00a0<\/em><br \/>\n<em>As lastras nos permitiram explorar o generoso p\u00e9 direito, com as quais criamos amplos v\u00e3os com elementos prism\u00e1ticos de grande escala e uma longa e facetada bancada em balan\u00e7o, resultando em um projeto fluido, espa\u00e7oso e sofisticado.&#8221;<\/em><br \/>\n\u2800<br \/>\nEnquanto n\u00e3o \u00e9 poss\u00edvel visitar os espa\u00e7os, que tal completar o passeio com um tour virtual?\u00a0<a href=\"https:\/\/www.portobello.com.br\/mostra-unltd-2ed\" target=\"_blank\" rel=\"noopener\">Clique aqui.<\/a><br \/>\n\u2800<\/p>\n","protected":false},"excerpt":{"rendered":"<p>O que h\u00e1 de mais tecnol\u00f3gico no setor de revestimentos e possibilidades incr\u00edveis de combina\u00e7\u00f5es criadas em parceria com grandes nomes da arquitetura e do design nacional e internacional aparecem na segunda edi\u00e7\u00e3o da Mostra Portobello Unlimited. \u2800 S\u00e3o 10 ambientes montados em nove cidades brasileiras dentro de lojas Portobello. Confira os ambientes e inspire-se! [&hellip;]<\/p>\n","protected":false},"author":2,"featured_media":10610,"comment_status":"closed","ping_status":"open","sticky":false,"template":"","format":"standard","meta":{"footnotes":""},"categories":[1],"tags":[430,426],"yoast_head":"<!-- This site is optimized with the Yoast SEO plugin v22.6 - https:\/\/yoast.com\/wordpress\/plugins\/seo\/ -->\n<title>Mostra re\u00fane 10 inspiradoras combina\u00e7\u00f5es de revestimentos em pisos, paredes e mobili\u00e1rio - DW!<\/title>\n<meta name=\"robots\" content=\"index, follow, max-snippet:-1, max-image-preview:large, max-video-preview:-1\" \/>\n<link rel=\"canonical\" href=\"https:\/\/historia.dwsemanadedesign.com.br\/dwfestival2023\/10-inspiradoras-combinacoes-revestimentos-ceramicos\/\" \/>\n<meta property=\"og:locale\" content=\"pt_BR\" \/>\n<meta property=\"og:type\" content=\"article\" \/>\n<meta property=\"og:title\" content=\"Mostra re\u00fane 10 inspiradoras combina\u00e7\u00f5es de revestimentos em pisos, paredes e mobili\u00e1rio - DW!\" \/>\n<meta property=\"og:description\" content=\"O que h\u00e1 de mais tecnol\u00f3gico no setor de revestimentos e possibilidades incr\u00edveis de combina\u00e7\u00f5es criadas em parceria com grandes nomes da arquitetura e do design nacional e internacional aparecem na segunda edi\u00e7\u00e3o da Mostra Portobello Unlimited. \u2800 S\u00e3o 10 ambientes montados em nove cidades brasileiras dentro de lojas Portobello. Confira os ambientes e inspire-se! [&hellip;]\" \/>\n<meta property=\"og:url\" content=\"https:\/\/historia.dwsemanadedesign.com.br\/dwfestival2023\/10-inspiradoras-combinacoes-revestimentos-ceramicos\/\" \/>\n<meta property=\"og:site_name\" content=\"DW!\" \/>\n<meta property=\"article:published_time\" content=\"2021-03-26T19:27:43+00:00\" \/>\n<meta property=\"article:modified_time\" content=\"2021-03-26T20:21:02+00:00\" \/>\n<meta property=\"og:image\" content=\"https:\/\/historia.dwsemanadedesign.com.br\/dwfestival2023\/wp-content\/uploads\/2021\/03\/Rodrigo-Faga-assina-a-varanda-na-Portobello-Shop-Maceio-1.jpg\" \/>\n\t<meta property=\"og:image:width\" content=\"1080\" \/>\n\t<meta property=\"og:image:height\" content=\"1080\" \/>\n\t<meta property=\"og:image:type\" content=\"image\/jpeg\" \/>\n<meta name=\"author\" content=\"Reda\u00e7\u00e3o DW!\" \/>\n<meta name=\"twitter:card\" content=\"summary_large_image\" \/>\n<meta name=\"twitter:label1\" content=\"Escrito por\" \/>\n\t<meta name=\"twitter:data1\" content=\"Reda\u00e7\u00e3o DW!\" \/>\n\t<meta name=\"twitter:label2\" content=\"Est. tempo de leitura\" \/>\n\t<meta name=\"twitter:data2\" content=\"9 minutos\" \/>\n<script type=\"application\/ld+json\" class=\"yoast-schema-graph\">{\"@context\":\"https:\/\/schema.org\",\"@graph\":[{\"@type\":\"Article\",\"@id\":\"https:\/\/historia.dwsemanadedesign.com.br\/dwfestival2023\/10-inspiradoras-combinacoes-revestimentos-ceramicos\/#article\",\"isPartOf\":{\"@id\":\"https:\/\/historia.dwsemanadedesign.com.br\/dwfestival2023\/10-inspiradoras-combinacoes-revestimentos-ceramicos\/\"},\"author\":{\"name\":\"Reda\u00e7\u00e3o DW!\",\"@id\":\"https:\/\/historia.dwsemanadedesign.com.br\/dwfestival2023\/#\/schema\/person\/2bb9ff1002bc7685feea63a8b68912ae\"},\"headline\":\"Mostra re\u00fane 10 inspiradoras combina\u00e7\u00f5es de revestimentos em pisos, paredes e mobili\u00e1rio\",\"datePublished\":\"2021-03-26T19:27:43+00:00\",\"dateModified\":\"2021-03-26T20:21:02+00:00\",\"mainEntityOfPage\":{\"@id\":\"https:\/\/historia.dwsemanadedesign.com.br\/dwfestival2023\/10-inspiradoras-combinacoes-revestimentos-ceramicos\/\"},\"wordCount\":1754,\"publisher\":{\"@id\":\"https:\/\/historia.dwsemanadedesign.com.br\/dwfestival2023\/#organization\"},\"image\":{\"@id\":\"https:\/\/historia.dwsemanadedesign.com.br\/dwfestival2023\/10-inspiradoras-combinacoes-revestimentos-ceramicos\/#primaryimage\"},\"thumbnailUrl\":\"https:\/\/historia.dwsemanadedesign.com.br\/dwfestival2023\/wp-content\/uploads\/2021\/03\/Rodrigo-Faga-assina-a-varanda-na-Portobello-Shop-Maceio-1.jpg\",\"keywords\":[\"lastras\",\"revestimento\"],\"articleSection\":[\"Lan\u00e7amentos\"],\"inLanguage\":\"pt-BR\"},{\"@type\":\"WebPage\",\"@id\":\"https:\/\/historia.dwsemanadedesign.com.br\/dwfestival2023\/10-inspiradoras-combinacoes-revestimentos-ceramicos\/\",\"url\":\"https:\/\/historia.dwsemanadedesign.com.br\/dwfestival2023\/10-inspiradoras-combinacoes-revestimentos-ceramicos\/\",\"name\":\"Mostra re\u00fane 10 inspiradoras combina\u00e7\u00f5es de revestimentos em pisos, paredes e mobili\u00e1rio - DW!\",\"isPartOf\":{\"@id\":\"https:\/\/historia.dwsemanadedesign.com.br\/dwfestival2023\/#website\"},\"primaryImageOfPage\":{\"@id\":\"https:\/\/historia.dwsemanadedesign.com.br\/dwfestival2023\/10-inspiradoras-combinacoes-revestimentos-ceramicos\/#primaryimage\"},\"image\":{\"@id\":\"https:\/\/historia.dwsemanadedesign.com.br\/dwfestival2023\/10-inspiradoras-combinacoes-revestimentos-ceramicos\/#primaryimage\"},\"thumbnailUrl\":\"https:\/\/historia.dwsemanadedesign.com.br\/dwfestival2023\/wp-content\/uploads\/2021\/03\/Rodrigo-Faga-assina-a-varanda-na-Portobello-Shop-Maceio-1.jpg\",\"datePublished\":\"2021-03-26T19:27:43+00:00\",\"dateModified\":\"2021-03-26T20:21:02+00:00\",\"breadcrumb\":{\"@id\":\"https:\/\/historia.dwsemanadedesign.com.br\/dwfestival2023\/10-inspiradoras-combinacoes-revestimentos-ceramicos\/#breadcrumb\"},\"inLanguage\":\"pt-BR\",\"potentialAction\":[{\"@type\":\"ReadAction\",\"target\":[\"https:\/\/historia.dwsemanadedesign.com.br\/dwfestival2023\/10-inspiradoras-combinacoes-revestimentos-ceramicos\/\"]}]},{\"@type\":\"ImageObject\",\"inLanguage\":\"pt-BR\",\"@id\":\"https:\/\/historia.dwsemanadedesign.com.br\/dwfestival2023\/10-inspiradoras-combinacoes-revestimentos-ceramicos\/#primaryimage\",\"url\":\"https:\/\/historia.dwsemanadedesign.com.br\/dwfestival2023\/wp-content\/uploads\/2021\/03\/Rodrigo-Faga-assina-a-varanda-na-Portobello-Shop-Maceio-1.jpg\",\"contentUrl\":\"https:\/\/historia.dwsemanadedesign.com.br\/dwfestival2023\/wp-content\/uploads\/2021\/03\/Rodrigo-Faga-assina-a-varanda-na-Portobello-Shop-Maceio-1.jpg\",\"width\":1080,\"height\":1080},{\"@type\":\"BreadcrumbList\",\"@id\":\"https:\/\/historia.dwsemanadedesign.com.br\/dwfestival2023\/10-inspiradoras-combinacoes-revestimentos-ceramicos\/#breadcrumb\",\"itemListElement\":[{\"@type\":\"ListItem\",\"position\":1,\"name\":\"In\u00edcio\",\"item\":\"https:\/\/historia.dwsemanadedesign.com.br\/dwfestival2023\/\"},{\"@type\":\"ListItem\",\"position\":2,\"name\":\"Mostra re\u00fane 10 inspiradoras combina\u00e7\u00f5es de revestimentos em pisos, paredes e mobili\u00e1rio\"}]},{\"@type\":\"WebSite\",\"@id\":\"https:\/\/historia.dwsemanadedesign.com.br\/dwfestival2023\/#website\",\"url\":\"https:\/\/historia.dwsemanadedesign.com.br\/dwfestival2023\/\",\"name\":\"DW!\",\"description\":\"S\u00e3o Paulo Design Weekend\",\"publisher\":{\"@id\":\"https:\/\/historia.dwsemanadedesign.com.br\/dwfestival2023\/#organization\"},\"potentialAction\":[{\"@type\":\"SearchAction\",\"target\":{\"@type\":\"EntryPoint\",\"urlTemplate\":\"https:\/\/historia.dwsemanadedesign.com.br\/dwfestival2023\/?s={search_term_string}\"},\"query-input\":\"required name=search_term_string\"}],\"inLanguage\":\"pt-BR\"},{\"@type\":\"Organization\",\"@id\":\"https:\/\/historia.dwsemanadedesign.com.br\/dwfestival2023\/#organization\",\"name\":\"DW!\",\"url\":\"https:\/\/historia.dwsemanadedesign.com.br\/dwfestival2023\/\",\"logo\":{\"@type\":\"ImageObject\",\"inLanguage\":\"pt-BR\",\"@id\":\"https:\/\/historia.dwsemanadedesign.com.br\/dwfestival2023\/#\/schema\/logo\/image\/\",\"url\":\"https:\/\/historia.dwsemanadedesign.com.br\/dwfestival2023\/wp-content\/uploads\/2020\/07\/logodw2023-roxo-2.png\",\"contentUrl\":\"https:\/\/historia.dwsemanadedesign.com.br\/dwfestival2023\/wp-content\/uploads\/2020\/07\/logodw2023-roxo-2.png\",\"width\":370,\"height\":164,\"caption\":\"DW!\"},\"image\":{\"@id\":\"https:\/\/historia.dwsemanadedesign.com.br\/dwfestival2023\/#\/schema\/logo\/image\/\"}},{\"@type\":\"Person\",\"@id\":\"https:\/\/historia.dwsemanadedesign.com.br\/dwfestival2023\/#\/schema\/person\/2bb9ff1002bc7685feea63a8b68912ae\",\"name\":\"Reda\u00e7\u00e3o DW!\",\"image\":{\"@type\":\"ImageObject\",\"inLanguage\":\"pt-BR\",\"@id\":\"https:\/\/historia.dwsemanadedesign.com.br\/dwfestival2023\/#\/schema\/person\/image\/\",\"url\":\"https:\/\/secure.gravatar.com\/avatar\/c059c5e436ff3ea24a86882b6a94863d?s=96&d=mm&r=g\",\"contentUrl\":\"https:\/\/secure.gravatar.com\/avatar\/c059c5e436ff3ea24a86882b6a94863d?s=96&d=mm&r=g\",\"caption\":\"Reda\u00e7\u00e3o DW!\"},\"description\":\"Design \u00e9 a nossa paix\u00e3o. Seja no blog ou nas m\u00eddias sociais, nossa equipe compartilha not\u00edcias do festival e tudo que acontece no universo do design no Brasil e no mundo. Acompanhe =)\",\"url\":\"https:\/\/historia.dwsemanadedesign.com.br\/dwfestival2023\/author\/dw\/\"}]}<\/script>\n<!-- \/ Yoast SEO plugin. -->","yoast_head_json":{"title":"Mostra re\u00fane 10 inspiradoras combina\u00e7\u00f5es de revestimentos em pisos, paredes e mobili\u00e1rio - DW!","robots":{"index":"index","follow":"follow","max-snippet":"max-snippet:-1","max-image-preview":"max-image-preview:large","max-video-preview":"max-video-preview:-1"},"canonical":"https:\/\/historia.dwsemanadedesign.com.br\/dwfestival2023\/10-inspiradoras-combinacoes-revestimentos-ceramicos\/","og_locale":"pt_BR","og_type":"article","og_title":"Mostra re\u00fane 10 inspiradoras combina\u00e7\u00f5es de revestimentos em pisos, paredes e mobili\u00e1rio - DW!","og_description":"O que h\u00e1 de mais tecnol\u00f3gico no setor de revestimentos e possibilidades incr\u00edveis de combina\u00e7\u00f5es criadas em parceria com grandes nomes da arquitetura e do design nacional e internacional aparecem na segunda edi\u00e7\u00e3o da Mostra Portobello Unlimited. \u2800 S\u00e3o 10 ambientes montados em nove cidades brasileiras dentro de lojas Portobello. Confira os ambientes e inspire-se! [&hellip;]","og_url":"https:\/\/historia.dwsemanadedesign.com.br\/dwfestival2023\/10-inspiradoras-combinacoes-revestimentos-ceramicos\/","og_site_name":"DW!","article_published_time":"2021-03-26T19:27:43+00:00","article_modified_time":"2021-03-26T20:21:02+00:00","og_image":[{"width":1080,"height":1080,"url":"https:\/\/historia.dwsemanadedesign.com.br\/dwfestival2023\/wp-content\/uploads\/2021\/03\/Rodrigo-Faga-assina-a-varanda-na-Portobello-Shop-Maceio-1.jpg","type":"image\/jpeg"}],"author":"Reda\u00e7\u00e3o DW!","twitter_card":"summary_large_image","twitter_misc":{"Escrito por":"Reda\u00e7\u00e3o DW!","Est. tempo de leitura":"9 minutos"},"schema":{"@context":"https:\/\/schema.org","@graph":[{"@type":"Article","@id":"https:\/\/historia.dwsemanadedesign.com.br\/dwfestival2023\/10-inspiradoras-combinacoes-revestimentos-ceramicos\/#article","isPartOf":{"@id":"https:\/\/historia.dwsemanadedesign.com.br\/dwfestival2023\/10-inspiradoras-combinacoes-revestimentos-ceramicos\/"},"author":{"name":"Reda\u00e7\u00e3o DW!","@id":"https:\/\/historia.dwsemanadedesign.com.br\/dwfestival2023\/#\/schema\/person\/2bb9ff1002bc7685feea63a8b68912ae"},"headline":"Mostra re\u00fane 10 inspiradoras combina\u00e7\u00f5es de revestimentos em pisos, paredes e mobili\u00e1rio","datePublished":"2021-03-26T19:27:43+00:00","dateModified":"2021-03-26T20:21:02+00:00","mainEntityOfPage":{"@id":"https:\/\/historia.dwsemanadedesign.com.br\/dwfestival2023\/10-inspiradoras-combinacoes-revestimentos-ceramicos\/"},"wordCount":1754,"publisher":{"@id":"https:\/\/historia.dwsemanadedesign.com.br\/dwfestival2023\/#organization"},"image":{"@id":"https:\/\/historia.dwsemanadedesign.com.br\/dwfestival2023\/10-inspiradoras-combinacoes-revestimentos-ceramicos\/#primaryimage"},"thumbnailUrl":"https:\/\/historia.dwsemanadedesign.com.br\/dwfestival2023\/wp-content\/uploads\/2021\/03\/Rodrigo-Faga-assina-a-varanda-na-Portobello-Shop-Maceio-1.jpg","keywords":["lastras","revestimento"],"articleSection":["Lan\u00e7amentos"],"inLanguage":"pt-BR"},{"@type":"WebPage","@id":"https:\/\/historia.dwsemanadedesign.com.br\/dwfestival2023\/10-inspiradoras-combinacoes-revestimentos-ceramicos\/","url":"https:\/\/historia.dwsemanadedesign.com.br\/dwfestival2023\/10-inspiradoras-combinacoes-revestimentos-ceramicos\/","name":"Mostra re\u00fane 10 inspiradoras combina\u00e7\u00f5es de revestimentos em pisos, paredes e mobili\u00e1rio - DW!","isPartOf":{"@id":"https:\/\/historia.dwsemanadedesign.com.br\/dwfestival2023\/#website"},"primaryImageOfPage":{"@id":"https:\/\/historia.dwsemanadedesign.com.br\/dwfestival2023\/10-inspiradoras-combinacoes-revestimentos-ceramicos\/#primaryimage"},"image":{"@id":"https:\/\/historia.dwsemanadedesign.com.br\/dwfestival2023\/10-inspiradoras-combinacoes-revestimentos-ceramicos\/#primaryimage"},"thumbnailUrl":"https:\/\/historia.dwsemanadedesign.com.br\/dwfestival2023\/wp-content\/uploads\/2021\/03\/Rodrigo-Faga-assina-a-varanda-na-Portobello-Shop-Maceio-1.jpg","datePublished":"2021-03-26T19:27:43+00:00","dateModified":"2021-03-26T20:21:02+00:00","breadcrumb":{"@id":"https:\/\/historia.dwsemanadedesign.com.br\/dwfestival2023\/10-inspiradoras-combinacoes-revestimentos-ceramicos\/#breadcrumb"},"inLanguage":"pt-BR","potentialAction":[{"@type":"ReadAction","target":["https:\/\/historia.dwsemanadedesign.com.br\/dwfestival2023\/10-inspiradoras-combinacoes-revestimentos-ceramicos\/"]}]},{"@type":"ImageObject","inLanguage":"pt-BR","@id":"https:\/\/historia.dwsemanadedesign.com.br\/dwfestival2023\/10-inspiradoras-combinacoes-revestimentos-ceramicos\/#primaryimage","url":"https:\/\/historia.dwsemanadedesign.com.br\/dwfestival2023\/wp-content\/uploads\/2021\/03\/Rodrigo-Faga-assina-a-varanda-na-Portobello-Shop-Maceio-1.jpg","contentUrl":"https:\/\/historia.dwsemanadedesign.com.br\/dwfestival2023\/wp-content\/uploads\/2021\/03\/Rodrigo-Faga-assina-a-varanda-na-Portobello-Shop-Maceio-1.jpg","width":1080,"height":1080},{"@type":"BreadcrumbList","@id":"https:\/\/historia.dwsemanadedesign.com.br\/dwfestival2023\/10-inspiradoras-combinacoes-revestimentos-ceramicos\/#breadcrumb","itemListElement":[{"@type":"ListItem","position":1,"name":"In\u00edcio","item":"https:\/\/historia.dwsemanadedesign.com.br\/dwfestival2023\/"},{"@type":"ListItem","position":2,"name":"Mostra re\u00fane 10 inspiradoras combina\u00e7\u00f5es de revestimentos em pisos, paredes e mobili\u00e1rio"}]},{"@type":"WebSite","@id":"https:\/\/historia.dwsemanadedesign.com.br\/dwfestival2023\/#website","url":"https:\/\/historia.dwsemanadedesign.com.br\/dwfestival2023\/","name":"DW!","description":"S\u00e3o Paulo Design Weekend","publisher":{"@id":"https:\/\/historia.dwsemanadedesign.com.br\/dwfestival2023\/#organization"},"potentialAction":[{"@type":"SearchAction","target":{"@type":"EntryPoint","urlTemplate":"https:\/\/historia.dwsemanadedesign.com.br\/dwfestival2023\/?s={search_term_string}"},"query-input":"required name=search_term_string"}],"inLanguage":"pt-BR"},{"@type":"Organization","@id":"https:\/\/historia.dwsemanadedesign.com.br\/dwfestival2023\/#organization","name":"DW!","url":"https:\/\/historia.dwsemanadedesign.com.br\/dwfestival2023\/","logo":{"@type":"ImageObject","inLanguage":"pt-BR","@id":"https:\/\/historia.dwsemanadedesign.com.br\/dwfestival2023\/#\/schema\/logo\/image\/","url":"https:\/\/historia.dwsemanadedesign.com.br\/dwfestival2023\/wp-content\/uploads\/2020\/07\/logodw2023-roxo-2.png","contentUrl":"https:\/\/historia.dwsemanadedesign.com.br\/dwfestival2023\/wp-content\/uploads\/2020\/07\/logodw2023-roxo-2.png","width":370,"height":164,"caption":"DW!"},"image":{"@id":"https:\/\/historia.dwsemanadedesign.com.br\/dwfestival2023\/#\/schema\/logo\/image\/"}},{"@type":"Person","@id":"https:\/\/historia.dwsemanadedesign.com.br\/dwfestival2023\/#\/schema\/person\/2bb9ff1002bc7685feea63a8b68912ae","name":"Reda\u00e7\u00e3o DW!","image":{"@type":"ImageObject","inLanguage":"pt-BR","@id":"https:\/\/historia.dwsemanadedesign.com.br\/dwfestival2023\/#\/schema\/person\/image\/","url":"https:\/\/secure.gravatar.com\/avatar\/c059c5e436ff3ea24a86882b6a94863d?s=96&d=mm&r=g","contentUrl":"https:\/\/secure.gravatar.com\/avatar\/c059c5e436ff3ea24a86882b6a94863d?s=96&d=mm&r=g","caption":"Reda\u00e7\u00e3o DW!"},"description":"Design \u00e9 a nossa paix\u00e3o. Seja no blog ou nas m\u00eddias sociais, nossa equipe compartilha not\u00edcias do festival e tudo que acontece no universo do design no Brasil e no mundo. Acompanhe =)","url":"https:\/\/historia.dwsemanadedesign.com.br\/dwfestival2023\/author\/dw\/"}]}},"_links":{"self":[{"href":"https:\/\/historia.dwsemanadedesign.com.br\/dwfestival2023\/wp-json\/wp\/v2\/posts\/10596"}],"collection":[{"href":"https:\/\/historia.dwsemanadedesign.com.br\/dwfestival2023\/wp-json\/wp\/v2\/posts"}],"about":[{"href":"https:\/\/historia.dwsemanadedesign.com.br\/dwfestival2023\/wp-json\/wp\/v2\/types\/post"}],"author":[{"embeddable":true,"href":"https:\/\/historia.dwsemanadedesign.com.br\/dwfestival2023\/wp-json\/wp\/v2\/users\/2"}],"replies":[{"embeddable":true,"href":"https:\/\/historia.dwsemanadedesign.com.br\/dwfestival2023\/wp-json\/wp\/v2\/comments?post=10596"}],"version-history":[{"count":0,"href":"https:\/\/historia.dwsemanadedesign.com.br\/dwfestival2023\/wp-json\/wp\/v2\/posts\/10596\/revisions"}],"wp:featuredmedia":[{"embeddable":true,"href":"https:\/\/historia.dwsemanadedesign.com.br\/dwfestival2023\/wp-json\/wp\/v2\/media\/10610"}],"wp:attachment":[{"href":"https:\/\/historia.dwsemanadedesign.com.br\/dwfestival2023\/wp-json\/wp\/v2\/media?parent=10596"}],"wp:term":[{"taxonomy":"category","embeddable":true,"href":"https:\/\/historia.dwsemanadedesign.com.br\/dwfestival2023\/wp-json\/wp\/v2\/categories?post=10596"},{"taxonomy":"post_tag","embeddable":true,"href":"https:\/\/historia.dwsemanadedesign.com.br\/dwfestival2023\/wp-json\/wp\/v2\/tags?post=10596"}],"curies":[{"name":"wp","href":"https:\/\/api.w.org\/{rel}","templated":true}]}}