{"id":150,"date":"2018-09-04T05:28:00","date_gmt":"2018-09-04T05:28:00","guid":{"rendered":""},"modified":"-0001-11-30T00:00:00","modified_gmt":"-0001-11-30T03:00:00","slug":"as-principais-escolas-de-design-revelam-tendencias-em-programacoes-exclusivas","status":"publish","type":"post","link":"https:\/\/historia.dwsemanadedesign.com.br\/dwfestival2023\/as-principais-escolas-de-design-revelam-tendencias-em-programacoes-exclusivas\/","title":{"rendered":"As principais escolas de design revelam tend\u00eancias em programa\u00e7\u00f5es exclusivas"},"content":{"rendered":"<p>Durante a 7&deg; edi&ccedil;&atilde;o do DW! S&atilde;o Paulo Design Weekend as institui&ccedil;&otilde;es de ensino d&atilde;o um show &agrave; parte quando o assunto envolve tend&ecirc;ncias, novidades e conex&otilde;es internacionais.&nbsp;<\/p>\n<p><strong>Confira a programa&ccedil;&atilde;o:<\/strong><\/p>\n<p> <strong>Senac&nbsp;&ndash; <\/strong>No distrito Paulista, a institui&ccedil;&atilde;o de ensino vai ocupar o Conjunto Nacional com instala&ccedil;&otilde;es interativas, palestras e uma expedi&ccedil;&atilde;o ao Bixiga.<\/p>\n<p> <strong>Belas Artes<\/strong> &ndash; O Centro Universit&aacute;rio Belas Artes, localizada no distrito Paulista, vai inaugurar uma biblioteca de materiais e inclui em seu programa palestra e exposi&ccedil;&atilde;o.<\/p>\n<p> <strong>IED <\/strong>&ndash; O Instituto Europeu de Design vai concentrar 18 atra&ccedil;&otilde;es em sua sede paulistana, em Higien&oacute;polis. A programa&ccedil;&atilde;o inclui exposi&ccedil;&otilde;es, palestras, oficinas e lan&ccedil;amentos.<\/p>\n<p> <strong>Panamericana<\/strong> &ndash; Moda, fotografia, anima&ccedil;&atilde;o e games, artes pl&aacute;sticas, design gr&aacute;fico e de interiores ser&atilde;o abordados em oficinas, palestras e workshops da escola de arte e design.<\/p>\n<p> <strong>Conad<\/strong>&nbsp; &ndash;&nbsp; Promovido pela ABD (Associa&ccedil;&atilde;o Brasileira de Designers de Interiores), o Congresso Internacional de Designers de Interiores acontece simultaneamente &agrave; High Design, no S&atilde;o Paulo Expo.<\/p>\n<p> <strong>Design &amp; Technical Summit AccorHotels&nbsp;<\/strong>&ndash; A 3&ordf; edi&ccedil;&atilde;o do evento, realizado no hotel Pullman SP Vila Ol&iacute;mpia, trar&aacute; inspira&ccedil;&atilde;o, tend&ecirc;ncias e ideias para alavancar o mercado hoteleiro.<\/p>\n","protected":false},"excerpt":{"rendered":"<p>Durante a 7&deg; edi&ccedil;&atilde;o do DW! S&atilde;o Paulo Design Weekend as institui&ccedil;&otilde;es de ensino d&atilde;o um show &agrave; parte quando o assunto envolve tend&ecirc;ncias, novidades e conex&otilde;es internacionais.&nbsp; Confira a programa&ccedil;&atilde;o: Senac&nbsp;&ndash; No distrito Paulista, a institui&ccedil;&atilde;o de ensino vai ocupar o Conjunto Nacional com instala&ccedil;&otilde;es interativas, palestras e uma expedi&ccedil;&atilde;o ao Bixiga. Belas Artes [&hellip;]<\/p>\n","protected":false},"author":0,"featured_media":638,"comment_status":"open","ping_status":"open","sticky":false,"template":"","format":"standard","meta":{"footnotes":""},"categories":[5],"tags":[],"yoast_head":"<!-- This site is optimized with the Yoast SEO plugin v22.6 - https:\/\/yoast.com\/wordpress\/plugins\/seo\/ -->\n<title>As principais escolas de design revelam tend\u00eancias em programa\u00e7\u00f5es exclusivas - DW!<\/title>\n<meta name=\"robots\" content=\"index, follow, max-snippet:-1, max-image-preview:large, max-video-preview:-1\" \/>\n<link rel=\"canonical\" href=\"https:\/\/historia.dwsemanadedesign.com.br\/dwfestival2023\/as-principais-escolas-de-design-revelam-tendencias-em-programacoes-exclusivas\/\" \/>\n<meta property=\"og:locale\" content=\"pt_BR\" \/>\n<meta property=\"og:type\" content=\"article\" \/>\n<meta property=\"og:title\" content=\"As principais escolas de design revelam tend\u00eancias em programa\u00e7\u00f5es exclusivas - DW!\" \/>\n<meta property=\"og:description\" content=\"Durante a 7&deg; edi&ccedil;&atilde;o do DW! S&atilde;o Paulo Design Weekend as institui&ccedil;&otilde;es de ensino d&atilde;o um show &agrave; parte quando o assunto envolve tend&ecirc;ncias, novidades e conex&otilde;es internacionais.&nbsp; Confira a programa&ccedil;&atilde;o: Senac&nbsp;&ndash; No distrito Paulista, a institui&ccedil;&atilde;o de ensino vai ocupar o Conjunto Nacional com instala&ccedil;&otilde;es interativas, palestras e uma expedi&ccedil;&atilde;o ao Bixiga. Belas Artes [&hellip;]\" \/>\n<meta property=\"og:url\" content=\"https:\/\/historia.dwsemanadedesign.com.br\/dwfestival2023\/as-principais-escolas-de-design-revelam-tendencias-em-programacoes-exclusivas\/\" \/>\n<meta property=\"og:site_name\" content=\"DW!\" \/>\n<meta property=\"article:published_time\" content=\"2018-09-04T05:28:00+00:00\" \/>\n<meta property=\"article:modified_time\" content=\"-0001-11-30T00:00:00+00:00\" \/>\n<meta property=\"og:image\" content=\"https:\/\/historia.dwsemanadedesign.com.br\/dwfestival2023\/wp-content\/uploads\/2018\/09\/39080.jpg\" \/>\n\t<meta property=\"og:image:width\" content=\"1190\" \/>\n\t<meta property=\"og:image:height\" content=\"810\" \/>\n\t<meta property=\"og:image:type\" content=\"image\/jpeg\" \/>\n<meta name=\"twitter:card\" content=\"summary_large_image\" \/>\n<meta name=\"twitter:label1\" content=\"Est. tempo de leitura\" \/>\n\t<meta name=\"twitter:data1\" content=\"1 minuto\" \/>\n<script type=\"application\/ld+json\" class=\"yoast-schema-graph\">{\"@context\":\"https:\/\/schema.org\",\"@graph\":[{\"@type\":\"Article\",\"@id\":\"https:\/\/historia.dwsemanadedesign.com.br\/dwfestival2023\/as-principais-escolas-de-design-revelam-tendencias-em-programacoes-exclusivas\/#article\",\"isPartOf\":{\"@id\":\"https:\/\/historia.dwsemanadedesign.com.br\/dwfestival2023\/as-principais-escolas-de-design-revelam-tendencias-em-programacoes-exclusivas\/\"},\"author\":{\"name\":\"\",\"@id\":\"\"},\"headline\":\"As principais escolas de design revelam tend\u00eancias em programa\u00e7\u00f5es exclusivas\",\"datePublished\":\"2018-09-04T05:28:00+00:00\",\"dateModified\":\"-0001-11-30T00:00:00+00:00\",\"mainEntityOfPage\":{\"@id\":\"https:\/\/historia.dwsemanadedesign.com.br\/dwfestival2023\/as-principais-escolas-de-design-revelam-tendencias-em-programacoes-exclusivas\/\"},\"wordCount\":272,\"commentCount\":0,\"publisher\":{\"@id\":\"https:\/\/historia.dwsemanadedesign.com.br\/dwfestival2023\/#organization\"},\"image\":{\"@id\":\"https:\/\/historia.dwsemanadedesign.com.br\/dwfestival2023\/as-principais-escolas-de-design-revelam-tendencias-em-programacoes-exclusivas\/#primaryimage\"},\"thumbnailUrl\":\"https:\/\/historia.dwsemanadedesign.com.br\/dwfestival2023\/wp-content\/uploads\/2018\/09\/39080.jpg\",\"articleSection\":[\"Mat\u00e9rias\"],\"inLanguage\":\"pt-BR\",\"potentialAction\":[{\"@type\":\"CommentAction\",\"name\":\"Comment\",\"target\":[\"https:\/\/historia.dwsemanadedesign.com.br\/dwfestival2023\/as-principais-escolas-de-design-revelam-tendencias-em-programacoes-exclusivas\/#respond\"]}]},{\"@type\":\"WebPage\",\"@id\":\"https:\/\/historia.dwsemanadedesign.com.br\/dwfestival2023\/as-principais-escolas-de-design-revelam-tendencias-em-programacoes-exclusivas\/\",\"url\":\"https:\/\/historia.dwsemanadedesign.com.br\/dwfestival2023\/as-principais-escolas-de-design-revelam-tendencias-em-programacoes-exclusivas\/\",\"name\":\"As principais escolas de design revelam tend\u00eancias em programa\u00e7\u00f5es exclusivas - DW!\",\"isPartOf\":{\"@id\":\"https:\/\/historia.dwsemanadedesign.com.br\/dwfestival2023\/#website\"},\"primaryImageOfPage\":{\"@id\":\"https:\/\/historia.dwsemanadedesign.com.br\/dwfestival2023\/as-principais-escolas-de-design-revelam-tendencias-em-programacoes-exclusivas\/#primaryimage\"},\"image\":{\"@id\":\"https:\/\/historia.dwsemanadedesign.com.br\/dwfestival2023\/as-principais-escolas-de-design-revelam-tendencias-em-programacoes-exclusivas\/#primaryimage\"},\"thumbnailUrl\":\"https:\/\/historia.dwsemanadedesign.com.br\/dwfestival2023\/wp-content\/uploads\/2018\/09\/39080.jpg\",\"datePublished\":\"2018-09-04T05:28:00+00:00\",\"dateModified\":\"-0001-11-30T00:00:00+00:00\",\"breadcrumb\":{\"@id\":\"https:\/\/historia.dwsemanadedesign.com.br\/dwfestival2023\/as-principais-escolas-de-design-revelam-tendencias-em-programacoes-exclusivas\/#breadcrumb\"},\"inLanguage\":\"pt-BR\",\"potentialAction\":[{\"@type\":\"ReadAction\",\"target\":[\"https:\/\/historia.dwsemanadedesign.com.br\/dwfestival2023\/as-principais-escolas-de-design-revelam-tendencias-em-programacoes-exclusivas\/\"]}]},{\"@type\":\"ImageObject\",\"inLanguage\":\"pt-BR\",\"@id\":\"https:\/\/historia.dwsemanadedesign.com.br\/dwfestival2023\/as-principais-escolas-de-design-revelam-tendencias-em-programacoes-exclusivas\/#primaryimage\",\"url\":\"https:\/\/historia.dwsemanadedesign.com.br\/dwfestival2023\/wp-content\/uploads\/2018\/09\/39080.jpg\",\"contentUrl\":\"https:\/\/historia.dwsemanadedesign.com.br\/dwfestival2023\/wp-content\/uploads\/2018\/09\/39080.jpg\",\"width\":1190,\"height\":810},{\"@type\":\"BreadcrumbList\",\"@id\":\"https:\/\/historia.dwsemanadedesign.com.br\/dwfestival2023\/as-principais-escolas-de-design-revelam-tendencias-em-programacoes-exclusivas\/#breadcrumb\",\"itemListElement\":[{\"@type\":\"ListItem\",\"position\":1,\"name\":\"In\u00edcio\",\"item\":\"https:\/\/historia.dwsemanadedesign.com.br\/dwfestival2023\/\"},{\"@type\":\"ListItem\",\"position\":2,\"name\":\"As principais escolas de design revelam tend\u00eancias em programa\u00e7\u00f5es exclusivas\"}]},{\"@type\":\"WebSite\",\"@id\":\"https:\/\/historia.dwsemanadedesign.com.br\/dwfestival2023\/#website\",\"url\":\"https:\/\/historia.dwsemanadedesign.com.br\/dwfestival2023\/\",\"name\":\"DW!\",\"description\":\"S\u00e3o Paulo Design Weekend\",\"publisher\":{\"@id\":\"https:\/\/historia.dwsemanadedesign.com.br\/dwfestival2023\/#organization\"},\"potentialAction\":[{\"@type\":\"SearchAction\",\"target\":{\"@type\":\"EntryPoint\",\"urlTemplate\":\"https:\/\/historia.dwsemanadedesign.com.br\/dwfestival2023\/?s={search_term_string}\"},\"query-input\":\"required name=search_term_string\"}],\"inLanguage\":\"pt-BR\"},{\"@type\":\"Organization\",\"@id\":\"https:\/\/historia.dwsemanadedesign.com.br\/dwfestival2023\/#organization\",\"name\":\"DW!\",\"url\":\"https:\/\/historia.dwsemanadedesign.com.br\/dwfestival2023\/\",\"logo\":{\"@type\":\"ImageObject\",\"inLanguage\":\"pt-BR\",\"@id\":\"https:\/\/historia.dwsemanadedesign.com.br\/dwfestival2023\/#\/schema\/logo\/image\/\",\"url\":\"https:\/\/historia.dwsemanadedesign.com.br\/dwfestival2023\/wp-content\/uploads\/2020\/07\/logodw2023-roxo-2.png\",\"contentUrl\":\"https:\/\/historia.dwsemanadedesign.com.br\/dwfestival2023\/wp-content\/uploads\/2020\/07\/logodw2023-roxo-2.png\",\"width\":370,\"height\":164,\"caption\":\"DW!\"},\"image\":{\"@id\":\"https:\/\/historia.dwsemanadedesign.com.br\/dwfestival2023\/#\/schema\/logo\/image\/\"}}]}<\/script>\n<!-- \/ Yoast SEO plugin. -->","yoast_head_json":{"title":"As principais escolas de design revelam tend\u00eancias em programa\u00e7\u00f5es exclusivas - DW!","robots":{"index":"index","follow":"follow","max-snippet":"max-snippet:-1","max-image-preview":"max-image-preview:large","max-video-preview":"max-video-preview:-1"},"canonical":"https:\/\/historia.dwsemanadedesign.com.br\/dwfestival2023\/as-principais-escolas-de-design-revelam-tendencias-em-programacoes-exclusivas\/","og_locale":"pt_BR","og_type":"article","og_title":"As principais escolas de design revelam tend\u00eancias em programa\u00e7\u00f5es exclusivas - DW!","og_description":"Durante a 7&deg; edi&ccedil;&atilde;o do DW! S&atilde;o Paulo Design Weekend as institui&ccedil;&otilde;es de ensino d&atilde;o um show &agrave; parte quando o assunto envolve tend&ecirc;ncias, novidades e conex&otilde;es internacionais.&nbsp; Confira a programa&ccedil;&atilde;o: Senac&nbsp;&ndash; No distrito Paulista, a institui&ccedil;&atilde;o de ensino vai ocupar o Conjunto Nacional com instala&ccedil;&otilde;es interativas, palestras e uma expedi&ccedil;&atilde;o ao Bixiga. Belas Artes [&hellip;]","og_url":"https:\/\/historia.dwsemanadedesign.com.br\/dwfestival2023\/as-principais-escolas-de-design-revelam-tendencias-em-programacoes-exclusivas\/","og_site_name":"DW!","article_published_time":"2018-09-04T05:28:00+00:00","article_modified_time":"-0001-11-30T00:00:00+00:00","og_image":[{"width":1190,"height":810,"url":"https:\/\/historia.dwsemanadedesign.com.br\/dwfestival2023\/wp-content\/uploads\/2018\/09\/39080.jpg","type":"image\/jpeg"}],"twitter_card":"summary_large_image","twitter_misc":{"Est. tempo de leitura":"1 minuto"},"schema":{"@context":"https:\/\/schema.org","@graph":[{"@type":"Article","@id":"https:\/\/historia.dwsemanadedesign.com.br\/dwfestival2023\/as-principais-escolas-de-design-revelam-tendencias-em-programacoes-exclusivas\/#article","isPartOf":{"@id":"https:\/\/historia.dwsemanadedesign.com.br\/dwfestival2023\/as-principais-escolas-de-design-revelam-tendencias-em-programacoes-exclusivas\/"},"author":{"name":"","@id":""},"headline":"As principais escolas de design revelam tend\u00eancias em programa\u00e7\u00f5es exclusivas","datePublished":"2018-09-04T05:28:00+00:00","dateModified":"-0001-11-30T00:00:00+00:00","mainEntityOfPage":{"@id":"https:\/\/historia.dwsemanadedesign.com.br\/dwfestival2023\/as-principais-escolas-de-design-revelam-tendencias-em-programacoes-exclusivas\/"},"wordCount":272,"commentCount":0,"publisher":{"@id":"https:\/\/historia.dwsemanadedesign.com.br\/dwfestival2023\/#organization"},"image":{"@id":"https:\/\/historia.dwsemanadedesign.com.br\/dwfestival2023\/as-principais-escolas-de-design-revelam-tendencias-em-programacoes-exclusivas\/#primaryimage"},"thumbnailUrl":"https:\/\/historia.dwsemanadedesign.com.br\/dwfestival2023\/wp-content\/uploads\/2018\/09\/39080.jpg","articleSection":["Mat\u00e9rias"],"inLanguage":"pt-BR","potentialAction":[{"@type":"CommentAction","name":"Comment","target":["https:\/\/historia.dwsemanadedesign.com.br\/dwfestival2023\/as-principais-escolas-de-design-revelam-tendencias-em-programacoes-exclusivas\/#respond"]}]},{"@type":"WebPage","@id":"https:\/\/historia.dwsemanadedesign.com.br\/dwfestival2023\/as-principais-escolas-de-design-revelam-tendencias-em-programacoes-exclusivas\/","url":"https:\/\/historia.dwsemanadedesign.com.br\/dwfestival2023\/as-principais-escolas-de-design-revelam-tendencias-em-programacoes-exclusivas\/","name":"As principais escolas de design revelam tend\u00eancias em programa\u00e7\u00f5es exclusivas - DW!","isPartOf":{"@id":"https:\/\/historia.dwsemanadedesign.com.br\/dwfestival2023\/#website"},"primaryImageOfPage":{"@id":"https:\/\/historia.dwsemanadedesign.com.br\/dwfestival2023\/as-principais-escolas-de-design-revelam-tendencias-em-programacoes-exclusivas\/#primaryimage"},"image":{"@id":"https:\/\/historia.dwsemanadedesign.com.br\/dwfestival2023\/as-principais-escolas-de-design-revelam-tendencias-em-programacoes-exclusivas\/#primaryimage"},"thumbnailUrl":"https:\/\/historia.dwsemanadedesign.com.br\/dwfestival2023\/wp-content\/uploads\/2018\/09\/39080.jpg","datePublished":"2018-09-04T05:28:00+00:00","dateModified":"-0001-11-30T00:00:00+00:00","breadcrumb":{"@id":"https:\/\/historia.dwsemanadedesign.com.br\/dwfestival2023\/as-principais-escolas-de-design-revelam-tendencias-em-programacoes-exclusivas\/#breadcrumb"},"inLanguage":"pt-BR","potentialAction":[{"@type":"ReadAction","target":["https:\/\/historia.dwsemanadedesign.com.br\/dwfestival2023\/as-principais-escolas-de-design-revelam-tendencias-em-programacoes-exclusivas\/"]}]},{"@type":"ImageObject","inLanguage":"pt-BR","@id":"https:\/\/historia.dwsemanadedesign.com.br\/dwfestival2023\/as-principais-escolas-de-design-revelam-tendencias-em-programacoes-exclusivas\/#primaryimage","url":"https:\/\/historia.dwsemanadedesign.com.br\/dwfestival2023\/wp-content\/uploads\/2018\/09\/39080.jpg","contentUrl":"https:\/\/historia.dwsemanadedesign.com.br\/dwfestival2023\/wp-content\/uploads\/2018\/09\/39080.jpg","width":1190,"height":810},{"@type":"BreadcrumbList","@id":"https:\/\/historia.dwsemanadedesign.com.br\/dwfestival2023\/as-principais-escolas-de-design-revelam-tendencias-em-programacoes-exclusivas\/#breadcrumb","itemListElement":[{"@type":"ListItem","position":1,"name":"In\u00edcio","item":"https:\/\/historia.dwsemanadedesign.com.br\/dwfestival2023\/"},{"@type":"ListItem","position":2,"name":"As principais escolas de design revelam tend\u00eancias em programa\u00e7\u00f5es exclusivas"}]},{"@type":"WebSite","@id":"https:\/\/historia.dwsemanadedesign.com.br\/dwfestival2023\/#website","url":"https:\/\/historia.dwsemanadedesign.com.br\/dwfestival2023\/","name":"DW!","description":"S\u00e3o Paulo Design Weekend","publisher":{"@id":"https:\/\/historia.dwsemanadedesign.com.br\/dwfestival2023\/#organization"},"potentialAction":[{"@type":"SearchAction","target":{"@type":"EntryPoint","urlTemplate":"https:\/\/historia.dwsemanadedesign.com.br\/dwfestival2023\/?s={search_term_string}"},"query-input":"required name=search_term_string"}],"inLanguage":"pt-BR"},{"@type":"Organization","@id":"https:\/\/historia.dwsemanadedesign.com.br\/dwfestival2023\/#organization","name":"DW!","url":"https:\/\/historia.dwsemanadedesign.com.br\/dwfestival2023\/","logo":{"@type":"ImageObject","inLanguage":"pt-BR","@id":"https:\/\/historia.dwsemanadedesign.com.br\/dwfestival2023\/#\/schema\/logo\/image\/","url":"https:\/\/historia.dwsemanadedesign.com.br\/dwfestival2023\/wp-content\/uploads\/2020\/07\/logodw2023-roxo-2.png","contentUrl":"https:\/\/historia.dwsemanadedesign.com.br\/dwfestival2023\/wp-content\/uploads\/2020\/07\/logodw2023-roxo-2.png","width":370,"height":164,"caption":"DW!"},"image":{"@id":"https:\/\/historia.dwsemanadedesign.com.br\/dwfestival2023\/#\/schema\/logo\/image\/"}}]}},"_links":{"self":[{"href":"https:\/\/historia.dwsemanadedesign.com.br\/dwfestival2023\/wp-json\/wp\/v2\/posts\/150"}],"collection":[{"href":"https:\/\/historia.dwsemanadedesign.com.br\/dwfestival2023\/wp-json\/wp\/v2\/posts"}],"about":[{"href":"https:\/\/historia.dwsemanadedesign.com.br\/dwfestival2023\/wp-json\/wp\/v2\/types\/post"}],"replies":[{"embeddable":true,"href":"https:\/\/historia.dwsemanadedesign.com.br\/dwfestival2023\/wp-json\/wp\/v2\/comments?post=150"}],"version-history":[{"count":0,"href":"https:\/\/historia.dwsemanadedesign.com.br\/dwfestival2023\/wp-json\/wp\/v2\/posts\/150\/revisions"}],"wp:featuredmedia":[{"embeddable":true,"href":"https:\/\/historia.dwsemanadedesign.com.br\/dwfestival2023\/wp-json\/wp\/v2\/media\/638"}],"wp:attachment":[{"href":"https:\/\/historia.dwsemanadedesign.com.br\/dwfestival2023\/wp-json\/wp\/v2\/media?parent=150"}],"wp:term":[{"taxonomy":"category","embeddable":true,"href":"https:\/\/historia.dwsemanadedesign.com.br\/dwfestival2023\/wp-json\/wp\/v2\/categories?post=150"},{"taxonomy":"post_tag","embeddable":true,"href":"https:\/\/historia.dwsemanadedesign.com.br\/dwfestival2023\/wp-json\/wp\/v2\/tags?post=150"}],"curies":[{"name":"wp","href":"https:\/\/api.w.org\/{rel}","templated":true}]}}