{"id":178,"date":"2019-01-11T08:00:00","date_gmt":"2019-01-11T08:00:00","guid":{"rendered":""},"modified":"-0001-11-30T00:00:00","modified_gmt":"-0001-11-30T03:00:00","slug":"high-design-anuncia-novidades-para-sua-quarta-edicao-fique-por-dentro","status":"publish","type":"post","link":"https:\/\/historia.dwsemanadedesign.com.br\/dwfestival2023\/high-design-anuncia-novidades-para-sua-quarta-edicao-fique-por-dentro\/","title":{"rendered":"High Design anuncia novidades para sua quarta edi\u00e7\u00e3o. Fique por dentro!"},"content":{"rendered":"<p><span>A <em><strong>High Design Expo<\/strong><\/em>, um dos eventos &acirc;ncora do <em><strong>DW!<\/strong><\/em>, j&aacute; tem data marcada e come&ccedil;a anunciar as novidades para 2019. A feira de neg&oacute;cios focada em solu&ccedil;&otilde;es para projetos de arquitetura e design de interiores acontece de <strong>21 a 23 de agosto<\/strong> no S&atilde;o Paulo Expo. <\/p>\n<p><\/span>Ao todo, mais de 100 expositores se dividem entre os seguintes segmentos:&nbsp;mobili&aacute;rio de alto padr&atilde;o; m&oacute;veis planejados e complementos; m&oacute;veis e objetos autorais; cozinhas e banheiros; escrit&oacute;rios; superf&iacute;cies; light design e automo&ccedil;&atilde;o; e art gallery.<\/p>\n<p><img decoding=\"async\" alt=\"\" src=\"https:\/\/historia.dwsemanadedesign.com.br\/dwfestival2023\/Content\/Uploads\/Images\/\/arq_95582.jpg\" width=\"800\" \/><\/p>\n<p>Durante &nbsp;tr&ecirc;s dias de evento s&atilde;o realizados dezenas de talks gerando muita troca de conhecimento e informa&ccedil;&otilde;es.&nbsp;<span>Exclusiva para arquitetos, designers de interiores, construtores, lojistas de alto padr&atilde;o, compradores internacionais e investidores a feira &eacute; cen&aacute;rio para gera&ccedil;&atilde;o de n<\/span>eg&oacute;cios, networking e conte&uacute;do.<\/p>\n<p>Entre as marcas confirmadas para 2019 est&atilde;o a Vescom, Pormade, Tidelli, Est&uacute;dio Bola, Housed Wallpapers, Torcetex, entre outros. <\/p>\n<p>Acesse&nbsp;<a href=\"http:\/\/www.highdesignexpo.com\" target=\"_blank\">www.highdesignexpo.com<\/a>&nbsp;ou acompanhe as not&iacute;cias da deira pelo Instagram: <a href=\"https:\/\/www.instagram.com\/highdesignexpo\/\" target=\"_blank\">@highdesignexpo<\/a>.&nbsp;<\/p>\n<p><\/p>\n","protected":false},"excerpt":{"rendered":"<p>A feira de neg\u00f3cios focada em solu\u00e7\u00f5es para projetos de arquitetura e design de interiores acontece de 21 a 23 de agosto no S\u00e3o Paulo Expo. <\/p>\n","protected":false},"author":0,"featured_media":537,"comment_status":"open","ping_status":"open","sticky":false,"template":"","format":"standard","meta":{"footnotes":""},"categories":[5],"tags":[],"yoast_head":"<!-- This site is optimized with the Yoast SEO plugin v22.6 - https:\/\/yoast.com\/wordpress\/plugins\/seo\/ -->\n<title>High Design anuncia novidades para sua quarta edi\u00e7\u00e3o. Fique por dentro! - DW!<\/title>\n<meta name=\"robots\" content=\"index, follow, max-snippet:-1, max-image-preview:large, max-video-preview:-1\" \/>\n<link rel=\"canonical\" href=\"https:\/\/historia.dwsemanadedesign.com.br\/dwfestival2023\/high-design-anuncia-novidades-para-sua-quarta-edicao-fique-por-dentro\/\" \/>\n<meta property=\"og:locale\" content=\"pt_BR\" \/>\n<meta property=\"og:type\" content=\"article\" \/>\n<meta property=\"og:title\" content=\"High Design anuncia novidades para sua quarta edi\u00e7\u00e3o. Fique por dentro! - DW!\" \/>\n<meta property=\"og:description\" content=\"A feira de neg\u00f3cios focada em solu\u00e7\u00f5es para projetos de arquitetura e design de interiores acontece de 21 a 23 de agosto no S\u00e3o Paulo Expo.\" \/>\n<meta property=\"og:url\" content=\"https:\/\/historia.dwsemanadedesign.com.br\/dwfestival2023\/high-design-anuncia-novidades-para-sua-quarta-edicao-fique-por-dentro\/\" \/>\n<meta property=\"og:site_name\" content=\"DW!\" \/>\n<meta property=\"article:published_time\" content=\"2019-01-11T08:00:00+00:00\" \/>\n<meta property=\"article:modified_time\" content=\"-0001-11-30T00:00:00+00:00\" \/>\n<meta property=\"og:image\" content=\"https:\/\/historia.dwsemanadedesign.com.br\/dwfestival2023\/wp-content\/uploads\/2019\/01\/39108.jpg\" \/>\n\t<meta property=\"og:image:width\" content=\"1190\" \/>\n\t<meta property=\"og:image:height\" content=\"810\" \/>\n\t<meta property=\"og:image:type\" content=\"image\/jpeg\" \/>\n<meta name=\"twitter:card\" content=\"summary_large_image\" \/>\n<meta name=\"twitter:label1\" content=\"Est. tempo de leitura\" \/>\n\t<meta name=\"twitter:data1\" content=\"1 minuto\" \/>\n<script type=\"application\/ld+json\" class=\"yoast-schema-graph\">{\"@context\":\"https:\/\/schema.org\",\"@graph\":[{\"@type\":\"Article\",\"@id\":\"https:\/\/historia.dwsemanadedesign.com.br\/dwfestival2023\/high-design-anuncia-novidades-para-sua-quarta-edicao-fique-por-dentro\/#article\",\"isPartOf\":{\"@id\":\"https:\/\/historia.dwsemanadedesign.com.br\/dwfestival2023\/high-design-anuncia-novidades-para-sua-quarta-edicao-fique-por-dentro\/\"},\"author\":{\"name\":\"\",\"@id\":\"\"},\"headline\":\"High Design anuncia novidades para sua quarta edi\u00e7\u00e3o. Fique por dentro!\",\"datePublished\":\"2019-01-11T08:00:00+00:00\",\"dateModified\":\"-0001-11-30T00:00:00+00:00\",\"mainEntityOfPage\":{\"@id\":\"https:\/\/historia.dwsemanadedesign.com.br\/dwfestival2023\/high-design-anuncia-novidades-para-sua-quarta-edicao-fique-por-dentro\/\"},\"wordCount\":220,\"commentCount\":0,\"publisher\":{\"@id\":\"https:\/\/historia.dwsemanadedesign.com.br\/dwfestival2023\/#organization\"},\"image\":{\"@id\":\"https:\/\/historia.dwsemanadedesign.com.br\/dwfestival2023\/high-design-anuncia-novidades-para-sua-quarta-edicao-fique-por-dentro\/#primaryimage\"},\"thumbnailUrl\":\"https:\/\/historia.dwsemanadedesign.com.br\/dwfestival2023\/wp-content\/uploads\/2019\/01\/39108.jpg\",\"articleSection\":[\"Mat\u00e9rias\"],\"inLanguage\":\"pt-BR\",\"potentialAction\":[{\"@type\":\"CommentAction\",\"name\":\"Comment\",\"target\":[\"https:\/\/historia.dwsemanadedesign.com.br\/dwfestival2023\/high-design-anuncia-novidades-para-sua-quarta-edicao-fique-por-dentro\/#respond\"]}]},{\"@type\":\"WebPage\",\"@id\":\"https:\/\/historia.dwsemanadedesign.com.br\/dwfestival2023\/high-design-anuncia-novidades-para-sua-quarta-edicao-fique-por-dentro\/\",\"url\":\"https:\/\/historia.dwsemanadedesign.com.br\/dwfestival2023\/high-design-anuncia-novidades-para-sua-quarta-edicao-fique-por-dentro\/\",\"name\":\"High Design anuncia novidades para sua quarta edi\u00e7\u00e3o. Fique por dentro! - DW!\",\"isPartOf\":{\"@id\":\"https:\/\/historia.dwsemanadedesign.com.br\/dwfestival2023\/#website\"},\"primaryImageOfPage\":{\"@id\":\"https:\/\/historia.dwsemanadedesign.com.br\/dwfestival2023\/high-design-anuncia-novidades-para-sua-quarta-edicao-fique-por-dentro\/#primaryimage\"},\"image\":{\"@id\":\"https:\/\/historia.dwsemanadedesign.com.br\/dwfestival2023\/high-design-anuncia-novidades-para-sua-quarta-edicao-fique-por-dentro\/#primaryimage\"},\"thumbnailUrl\":\"https:\/\/historia.dwsemanadedesign.com.br\/dwfestival2023\/wp-content\/uploads\/2019\/01\/39108.jpg\",\"datePublished\":\"2019-01-11T08:00:00+00:00\",\"dateModified\":\"-0001-11-30T00:00:00+00:00\",\"breadcrumb\":{\"@id\":\"https:\/\/historia.dwsemanadedesign.com.br\/dwfestival2023\/high-design-anuncia-novidades-para-sua-quarta-edicao-fique-por-dentro\/#breadcrumb\"},\"inLanguage\":\"pt-BR\",\"potentialAction\":[{\"@type\":\"ReadAction\",\"target\":[\"https:\/\/historia.dwsemanadedesign.com.br\/dwfestival2023\/high-design-anuncia-novidades-para-sua-quarta-edicao-fique-por-dentro\/\"]}]},{\"@type\":\"ImageObject\",\"inLanguage\":\"pt-BR\",\"@id\":\"https:\/\/historia.dwsemanadedesign.com.br\/dwfestival2023\/high-design-anuncia-novidades-para-sua-quarta-edicao-fique-por-dentro\/#primaryimage\",\"url\":\"https:\/\/historia.dwsemanadedesign.com.br\/dwfestival2023\/wp-content\/uploads\/2019\/01\/39108.jpg\",\"contentUrl\":\"https:\/\/historia.dwsemanadedesign.com.br\/dwfestival2023\/wp-content\/uploads\/2019\/01\/39108.jpg\",\"width\":1190,\"height\":810},{\"@type\":\"BreadcrumbList\",\"@id\":\"https:\/\/historia.dwsemanadedesign.com.br\/dwfestival2023\/high-design-anuncia-novidades-para-sua-quarta-edicao-fique-por-dentro\/#breadcrumb\",\"itemListElement\":[{\"@type\":\"ListItem\",\"position\":1,\"name\":\"In\u00edcio\",\"item\":\"https:\/\/historia.dwsemanadedesign.com.br\/dwfestival2023\/\"},{\"@type\":\"ListItem\",\"position\":2,\"name\":\"High Design anuncia novidades para sua quarta edi\u00e7\u00e3o. Fique por dentro!\"}]},{\"@type\":\"WebSite\",\"@id\":\"https:\/\/historia.dwsemanadedesign.com.br\/dwfestival2023\/#website\",\"url\":\"https:\/\/historia.dwsemanadedesign.com.br\/dwfestival2023\/\",\"name\":\"DW!\",\"description\":\"S\u00e3o Paulo Design Weekend\",\"publisher\":{\"@id\":\"https:\/\/historia.dwsemanadedesign.com.br\/dwfestival2023\/#organization\"},\"potentialAction\":[{\"@type\":\"SearchAction\",\"target\":{\"@type\":\"EntryPoint\",\"urlTemplate\":\"https:\/\/historia.dwsemanadedesign.com.br\/dwfestival2023\/?s={search_term_string}\"},\"query-input\":\"required name=search_term_string\"}],\"inLanguage\":\"pt-BR\"},{\"@type\":\"Organization\",\"@id\":\"https:\/\/historia.dwsemanadedesign.com.br\/dwfestival2023\/#organization\",\"name\":\"DW!\",\"url\":\"https:\/\/historia.dwsemanadedesign.com.br\/dwfestival2023\/\",\"logo\":{\"@type\":\"ImageObject\",\"inLanguage\":\"pt-BR\",\"@id\":\"https:\/\/historia.dwsemanadedesign.com.br\/dwfestival2023\/#\/schema\/logo\/image\/\",\"url\":\"https:\/\/historia.dwsemanadedesign.com.br\/dwfestival2023\/wp-content\/uploads\/2020\/07\/logodw2023-roxo-2.png\",\"contentUrl\":\"https:\/\/historia.dwsemanadedesign.com.br\/dwfestival2023\/wp-content\/uploads\/2020\/07\/logodw2023-roxo-2.png\",\"width\":370,\"height\":164,\"caption\":\"DW!\"},\"image\":{\"@id\":\"https:\/\/historia.dwsemanadedesign.com.br\/dwfestival2023\/#\/schema\/logo\/image\/\"}}]}<\/script>\n<!-- \/ Yoast SEO plugin. -->","yoast_head_json":{"title":"High Design anuncia novidades para sua quarta edi\u00e7\u00e3o. Fique por dentro! - DW!","robots":{"index":"index","follow":"follow","max-snippet":"max-snippet:-1","max-image-preview":"max-image-preview:large","max-video-preview":"max-video-preview:-1"},"canonical":"https:\/\/historia.dwsemanadedesign.com.br\/dwfestival2023\/high-design-anuncia-novidades-para-sua-quarta-edicao-fique-por-dentro\/","og_locale":"pt_BR","og_type":"article","og_title":"High Design anuncia novidades para sua quarta edi\u00e7\u00e3o. Fique por dentro! - DW!","og_description":"A feira de neg\u00f3cios focada em solu\u00e7\u00f5es para projetos de arquitetura e design de interiores acontece de 21 a 23 de agosto no S\u00e3o Paulo Expo.","og_url":"https:\/\/historia.dwsemanadedesign.com.br\/dwfestival2023\/high-design-anuncia-novidades-para-sua-quarta-edicao-fique-por-dentro\/","og_site_name":"DW!","article_published_time":"2019-01-11T08:00:00+00:00","article_modified_time":"-0001-11-30T00:00:00+00:00","og_image":[{"width":1190,"height":810,"url":"https:\/\/historia.dwsemanadedesign.com.br\/dwfestival2023\/wp-content\/uploads\/2019\/01\/39108.jpg","type":"image\/jpeg"}],"twitter_card":"summary_large_image","twitter_misc":{"Est. tempo de leitura":"1 minuto"},"schema":{"@context":"https:\/\/schema.org","@graph":[{"@type":"Article","@id":"https:\/\/historia.dwsemanadedesign.com.br\/dwfestival2023\/high-design-anuncia-novidades-para-sua-quarta-edicao-fique-por-dentro\/#article","isPartOf":{"@id":"https:\/\/historia.dwsemanadedesign.com.br\/dwfestival2023\/high-design-anuncia-novidades-para-sua-quarta-edicao-fique-por-dentro\/"},"author":{"name":"","@id":""},"headline":"High Design anuncia novidades para sua quarta edi\u00e7\u00e3o. Fique por dentro!","datePublished":"2019-01-11T08:00:00+00:00","dateModified":"-0001-11-30T00:00:00+00:00","mainEntityOfPage":{"@id":"https:\/\/historia.dwsemanadedesign.com.br\/dwfestival2023\/high-design-anuncia-novidades-para-sua-quarta-edicao-fique-por-dentro\/"},"wordCount":220,"commentCount":0,"publisher":{"@id":"https:\/\/historia.dwsemanadedesign.com.br\/dwfestival2023\/#organization"},"image":{"@id":"https:\/\/historia.dwsemanadedesign.com.br\/dwfestival2023\/high-design-anuncia-novidades-para-sua-quarta-edicao-fique-por-dentro\/#primaryimage"},"thumbnailUrl":"https:\/\/historia.dwsemanadedesign.com.br\/dwfestival2023\/wp-content\/uploads\/2019\/01\/39108.jpg","articleSection":["Mat\u00e9rias"],"inLanguage":"pt-BR","potentialAction":[{"@type":"CommentAction","name":"Comment","target":["https:\/\/historia.dwsemanadedesign.com.br\/dwfestival2023\/high-design-anuncia-novidades-para-sua-quarta-edicao-fique-por-dentro\/#respond"]}]},{"@type":"WebPage","@id":"https:\/\/historia.dwsemanadedesign.com.br\/dwfestival2023\/high-design-anuncia-novidades-para-sua-quarta-edicao-fique-por-dentro\/","url":"https:\/\/historia.dwsemanadedesign.com.br\/dwfestival2023\/high-design-anuncia-novidades-para-sua-quarta-edicao-fique-por-dentro\/","name":"High Design anuncia novidades para sua quarta edi\u00e7\u00e3o. Fique por dentro! - DW!","isPartOf":{"@id":"https:\/\/historia.dwsemanadedesign.com.br\/dwfestival2023\/#website"},"primaryImageOfPage":{"@id":"https:\/\/historia.dwsemanadedesign.com.br\/dwfestival2023\/high-design-anuncia-novidades-para-sua-quarta-edicao-fique-por-dentro\/#primaryimage"},"image":{"@id":"https:\/\/historia.dwsemanadedesign.com.br\/dwfestival2023\/high-design-anuncia-novidades-para-sua-quarta-edicao-fique-por-dentro\/#primaryimage"},"thumbnailUrl":"https:\/\/historia.dwsemanadedesign.com.br\/dwfestival2023\/wp-content\/uploads\/2019\/01\/39108.jpg","datePublished":"2019-01-11T08:00:00+00:00","dateModified":"-0001-11-30T00:00:00+00:00","breadcrumb":{"@id":"https:\/\/historia.dwsemanadedesign.com.br\/dwfestival2023\/high-design-anuncia-novidades-para-sua-quarta-edicao-fique-por-dentro\/#breadcrumb"},"inLanguage":"pt-BR","potentialAction":[{"@type":"ReadAction","target":["https:\/\/historia.dwsemanadedesign.com.br\/dwfestival2023\/high-design-anuncia-novidades-para-sua-quarta-edicao-fique-por-dentro\/"]}]},{"@type":"ImageObject","inLanguage":"pt-BR","@id":"https:\/\/historia.dwsemanadedesign.com.br\/dwfestival2023\/high-design-anuncia-novidades-para-sua-quarta-edicao-fique-por-dentro\/#primaryimage","url":"https:\/\/historia.dwsemanadedesign.com.br\/dwfestival2023\/wp-content\/uploads\/2019\/01\/39108.jpg","contentUrl":"https:\/\/historia.dwsemanadedesign.com.br\/dwfestival2023\/wp-content\/uploads\/2019\/01\/39108.jpg","width":1190,"height":810},{"@type":"BreadcrumbList","@id":"https:\/\/historia.dwsemanadedesign.com.br\/dwfestival2023\/high-design-anuncia-novidades-para-sua-quarta-edicao-fique-por-dentro\/#breadcrumb","itemListElement":[{"@type":"ListItem","position":1,"name":"In\u00edcio","item":"https:\/\/historia.dwsemanadedesign.com.br\/dwfestival2023\/"},{"@type":"ListItem","position":2,"name":"High Design anuncia novidades para sua quarta edi\u00e7\u00e3o. Fique por dentro!"}]},{"@type":"WebSite","@id":"https:\/\/historia.dwsemanadedesign.com.br\/dwfestival2023\/#website","url":"https:\/\/historia.dwsemanadedesign.com.br\/dwfestival2023\/","name":"DW!","description":"S\u00e3o Paulo Design Weekend","publisher":{"@id":"https:\/\/historia.dwsemanadedesign.com.br\/dwfestival2023\/#organization"},"potentialAction":[{"@type":"SearchAction","target":{"@type":"EntryPoint","urlTemplate":"https:\/\/historia.dwsemanadedesign.com.br\/dwfestival2023\/?s={search_term_string}"},"query-input":"required name=search_term_string"}],"inLanguage":"pt-BR"},{"@type":"Organization","@id":"https:\/\/historia.dwsemanadedesign.com.br\/dwfestival2023\/#organization","name":"DW!","url":"https:\/\/historia.dwsemanadedesign.com.br\/dwfestival2023\/","logo":{"@type":"ImageObject","inLanguage":"pt-BR","@id":"https:\/\/historia.dwsemanadedesign.com.br\/dwfestival2023\/#\/schema\/logo\/image\/","url":"https:\/\/historia.dwsemanadedesign.com.br\/dwfestival2023\/wp-content\/uploads\/2020\/07\/logodw2023-roxo-2.png","contentUrl":"https:\/\/historia.dwsemanadedesign.com.br\/dwfestival2023\/wp-content\/uploads\/2020\/07\/logodw2023-roxo-2.png","width":370,"height":164,"caption":"DW!"},"image":{"@id":"https:\/\/historia.dwsemanadedesign.com.br\/dwfestival2023\/#\/schema\/logo\/image\/"}}]}},"_links":{"self":[{"href":"https:\/\/historia.dwsemanadedesign.com.br\/dwfestival2023\/wp-json\/wp\/v2\/posts\/178"}],"collection":[{"href":"https:\/\/historia.dwsemanadedesign.com.br\/dwfestival2023\/wp-json\/wp\/v2\/posts"}],"about":[{"href":"https:\/\/historia.dwsemanadedesign.com.br\/dwfestival2023\/wp-json\/wp\/v2\/types\/post"}],"replies":[{"embeddable":true,"href":"https:\/\/historia.dwsemanadedesign.com.br\/dwfestival2023\/wp-json\/wp\/v2\/comments?post=178"}],"version-history":[{"count":0,"href":"https:\/\/historia.dwsemanadedesign.com.br\/dwfestival2023\/wp-json\/wp\/v2\/posts\/178\/revisions"}],"wp:featuredmedia":[{"embeddable":true,"href":"https:\/\/historia.dwsemanadedesign.com.br\/dwfestival2023\/wp-json\/wp\/v2\/media\/537"}],"wp:attachment":[{"href":"https:\/\/historia.dwsemanadedesign.com.br\/dwfestival2023\/wp-json\/wp\/v2\/media?parent=178"}],"wp:term":[{"taxonomy":"category","embeddable":true,"href":"https:\/\/historia.dwsemanadedesign.com.br\/dwfestival2023\/wp-json\/wp\/v2\/categories?post=178"},{"taxonomy":"post_tag","embeddable":true,"href":"https:\/\/historia.dwsemanadedesign.com.br\/dwfestival2023\/wp-json\/wp\/v2\/tags?post=178"}],"curies":[{"name":"wp","href":"https:\/\/api.w.org\/{rel}","templated":true}]}}