{"id":18317,"date":"2021-10-15T11:39:35","date_gmt":"2021-10-15T14:39:35","guid":{"rendered":"https:\/\/historia.dwsemanadedesign.com.br\/dwfestival2023\/?p=18317"},"modified":"2021-10-15T12:42:26","modified_gmt":"2021-10-15T15:42:26","slug":"linda-martins-lanca-12-pecas-e-anuncia-a-abertura-de-seu-showroom-paulistano","status":"publish","type":"post","link":"https:\/\/historia.dwsemanadedesign.com.br\/dwfestival2023\/linda-martins-lanca-12-pecas-e-anuncia-a-abertura-de-seu-showroom-paulistano\/","title":{"rendered":"Linda Martins lan\u00e7a 12 pe\u00e7as e anuncia a abertura de seu showroom paulistano"},"content":{"rendered":"<p><span style=\"font-weight: 400;\">Renascer, reinventar, perseverar: os sentimentos que envolveram os momentos de cria\u00e7\u00e3o da designer Linda Martins durante o per\u00edodo de pandemia inspiraram a mostra <\/span><i><span style=\"font-weight: 400;\">Flores\u00e7a<\/span><\/i><span style=\"font-weight: 400;\"> \u2014 um incentivo para encarar o futuro com otimismo e esperan\u00e7a. Realizada durante a DW! no mezanino do Hotel Unique, a exposi\u00e7\u00e3o apresentou ao p\u00fablico 12 novas pe\u00e7as do Studio Linda Martins, comandado pela designer catarinense, hoje radicada em Belo Horizonte.<\/span><span style=\"font-weight: 400;\"><br \/>\n<\/span><span style=\"font-weight: 400;\"><br \/>\n<\/span><\/p>\n<figure id=\"attachment_18318\" aria-describedby=\"caption-attachment-18318\" style=\"width: 1024px\" class=\"wp-caption aligncenter\"><img decoding=\"async\" loading=\"lazy\" class=\"wp-image-18318 size-large\" src=\"https:\/\/historia.dwsemanadedesign.com.br\/dwfestival2023\/wp-content\/uploads\/2021\/10\/DWLindaMartins14-1024x683.jpg\" alt=\"\" width=\"1024\" height=\"683\" srcset=\"https:\/\/historia.dwsemanadedesign.com.br\/dwfestival2023\/wp-content\/uploads\/2021\/10\/DWLindaMartins14-1024x683.jpg 1024w, https:\/\/historia.dwsemanadedesign.com.br\/dwfestival2023\/wp-content\/uploads\/2021\/10\/DWLindaMartins14-246x164.jpg 246w, https:\/\/historia.dwsemanadedesign.com.br\/dwfestival2023\/wp-content\/uploads\/2021\/10\/DWLindaMartins14-768x512.jpg 768w, https:\/\/historia.dwsemanadedesign.com.br\/dwfestival2023\/wp-content\/uploads\/2021\/10\/DWLindaMartins14-1536x1024.jpg 1536w, https:\/\/historia.dwsemanadedesign.com.br\/dwfestival2023\/wp-content\/uploads\/2021\/10\/DWLindaMartins14-scaled.jpg 2048w\" sizes=\"(max-width: 1024px) 100vw, 1024px\" \/><figcaption id=\"caption-attachment-18318\" class=\"wp-caption-text\">Linda Martins e a cadeira Sushi | Foto: Ale Moreira<\/figcaption><\/figure>\n<p>&nbsp;<\/p>\n<p><span style=\"font-weight: 400;\">As transforma\u00e7\u00f5es pelas quais as casas passaram quando o mundo inteiro precisou se recolher tamb\u00e9m motivaram o desenvolvimento do mobili\u00e1rio, que ganhou visual limpo e atemporal, afinado com a forte influ\u00eancia escandinava presente no tra\u00e7o de Linda. \u201c<\/span><i><span style=\"font-weight: 400;\">Mas sem deixar de lado a feminilidade que tamb\u00e9m caracteriza o meu trabalho ou o aspecto l\u00fadico. Iniciei minha carreira desenhando produtos para o p\u00fablico infantil. Isso nunca vai se perder<\/span><\/i><span style=\"font-weight: 400;\">\u201d, diz.<\/span><span style=\"font-weight: 400;\"><br \/>\n<\/span><\/p>\n<p>&nbsp;<\/p>\n<figure id=\"attachment_18319\" aria-describedby=\"caption-attachment-18319\" style=\"width: 1024px\" class=\"wp-caption aligncenter\"><img decoding=\"async\" loading=\"lazy\" class=\"wp-image-18319 size-large\" src=\"https:\/\/historia.dwsemanadedesign.com.br\/dwfestival2023\/wp-content\/uploads\/2021\/10\/DWLindaMartins2-1024x683.jpg\" alt=\"\" width=\"1024\" height=\"683\" srcset=\"https:\/\/historia.dwsemanadedesign.com.br\/dwfestival2023\/wp-content\/uploads\/2021\/10\/DWLindaMartins2-1024x683.jpg 1024w, https:\/\/historia.dwsemanadedesign.com.br\/dwfestival2023\/wp-content\/uploads\/2021\/10\/DWLindaMartins2-246x164.jpg 246w, https:\/\/historia.dwsemanadedesign.com.br\/dwfestival2023\/wp-content\/uploads\/2021\/10\/DWLindaMartins2-768x512.jpg 768w, https:\/\/historia.dwsemanadedesign.com.br\/dwfestival2023\/wp-content\/uploads\/2021\/10\/DWLindaMartins2-1536x1024.jpg 1536w, https:\/\/historia.dwsemanadedesign.com.br\/dwfestival2023\/wp-content\/uploads\/2021\/10\/DWLindaMartins2-scaled.jpg 2048w\" sizes=\"(max-width: 1024px) 100vw, 1024px\" \/><figcaption id=\"caption-attachment-18319\" class=\"wp-caption-text\">Mesa de centro Whisky | Foto: Ale Moreira<\/figcaption><\/figure>\n<p>&nbsp;<\/p>\n<p><span style=\"font-weight: 400;\">O cruzamento das tr\u00eas vertentes fica evidente em pe\u00e7as como a mesa de centro Whisky, feita de \u00e9bano de macassar, que traz o car\u00e1ter s\u00f3brio da madeira escura, expressa suavidade em seus cantos arredondados e permite a intera\u00e7\u00e3o com os compartimentos para guardar objetos. Um puxador em formato de bola, encaixado no tampo, arremata o m\u00f3vel com gra\u00e7a. Ou na cadeira Lolita, que faz a cl\u00e1ssica combina\u00e7\u00e3o entre madeira e palhinha ganhar delicadeza e uma surpreendente estrutura de metal.\u00a0<\/span><\/p>\n<p>&nbsp;<\/p>\n<figure id=\"attachment_18320\" aria-describedby=\"caption-attachment-18320\" style=\"width: 1024px\" class=\"wp-caption aligncenter\"><img decoding=\"async\" loading=\"lazy\" class=\"wp-image-18320 size-large\" src=\"https:\/\/historia.dwsemanadedesign.com.br\/dwfestival2023\/wp-content\/uploads\/2021\/10\/DSC_3607A-1024x864.jpg\" alt=\"\" width=\"1024\" height=\"864\" srcset=\"https:\/\/historia.dwsemanadedesign.com.br\/dwfestival2023\/wp-content\/uploads\/2021\/10\/DSC_3607A-1024x864.jpg 1024w, https:\/\/historia.dwsemanadedesign.com.br\/dwfestival2023\/wp-content\/uploads\/2021\/10\/DSC_3607A-246x208.jpg 246w, https:\/\/historia.dwsemanadedesign.com.br\/dwfestival2023\/wp-content\/uploads\/2021\/10\/DSC_3607A-768x648.jpg 768w, https:\/\/historia.dwsemanadedesign.com.br\/dwfestival2023\/wp-content\/uploads\/2021\/10\/DSC_3607A-1536x1296.jpg 1536w, https:\/\/historia.dwsemanadedesign.com.br\/dwfestival2023\/wp-content\/uploads\/2021\/10\/DSC_3607A-scaled.jpg 2048w\" sizes=\"(max-width: 1024px) 100vw, 1024px\" \/><figcaption id=\"caption-attachment-18320\" class=\"wp-caption-text\">Cadeira Lolita | Foto: Ale Moreira<\/figcaption><\/figure>\n<p>&nbsp;<\/p>\n<p><span style=\"font-weight: 400;\">Outro destaque \u00e9 a escrivaninha <\/span><i><span style=\"font-weight: 400;\">Essential<\/span><\/i><span style=\"font-weight: 400;\">, que lembra os modelos de madeira de antigamente, por\u00e9m atualizado por uma lumin\u00e1ria de bulbo acoplada e plugues para equipamentos eletr\u00f4nicos.\u00a0<\/span><span style=\"font-weight: 400;\"><br \/>\n<\/span><\/p>\n<figure id=\"attachment_18321\" aria-describedby=\"caption-attachment-18321\" style=\"width: 1024px\" class=\"wp-caption aligncenter\"><img decoding=\"async\" loading=\"lazy\" class=\"wp-image-18321 size-full\" src=\"https:\/\/historia.dwsemanadedesign.com.br\/dwfestival2023\/wp-content\/uploads\/2021\/10\/Montagens-Blog-Linda.png\" alt=\"\" width=\"1024\" height=\"681\" srcset=\"https:\/\/historia.dwsemanadedesign.com.br\/dwfestival2023\/wp-content\/uploads\/2021\/10\/Montagens-Blog-Linda.png 1024w, https:\/\/historia.dwsemanadedesign.com.br\/dwfestival2023\/wp-content\/uploads\/2021\/10\/Montagens-Blog-Linda-246x164.png 246w, https:\/\/historia.dwsemanadedesign.com.br\/dwfestival2023\/wp-content\/uploads\/2021\/10\/Montagens-Blog-Linda-768x511.png 768w, https:\/\/historia.dwsemanadedesign.com.br\/dwfestival2023\/wp-content\/uploads\/2021\/10\/Montagens-Blog-Linda-351x232.png 351w\" sizes=\"(max-width: 1024px) 100vw, 1024px\" \/><figcaption id=\"caption-attachment-18321\" class=\"wp-caption-text\">Bar Sirena e Cadeira Oscarina Bronze A\u2019 Design Award 2021 | Foto: Ale Moreira<\/figcaption><\/figure>\n<p><span style=\"font-weight: 400;\"><br \/>\nDesigner de interiores com forma\u00e7\u00e3o em design de produto pelo Instituto Marangoni, de Mil\u00e3o, It\u00e1lia, Linda Martins j\u00e1 recebeu diversos trof\u00e9us no <\/span><i><span style=\"font-weight: 400;\">A\u2019 Design Award<\/span><\/i><span style=\"font-weight: 400;\">, com pe\u00e7as como as cadeiras Lady e Sushi e as poltronas La Tarde e Cec\u00edlia. Os lan\u00e7amentos na DW! foram um preview do que ela mostrar\u00e1 em seu showroom paulistano, no bairro de Pinheiros, que tem inaugura\u00e7\u00e3o prevista para janeiro de 2022. O endere\u00e7o vender\u00e1 direto ao p\u00fablico.\u00a0 <\/span><span style=\"font-weight: 400;\"><br \/>\n<\/span><span style=\"font-weight: 400;\"><br \/>\n<\/span><span style=\"font-weight: 400;\">Saiba mais em <\/span><a href=\"https:\/\/studiolindamartins.com.br\"><span style=\"font-weight: 400;\">studiolindamartins.com.br<\/span><\/a><\/p>\n","protected":false},"excerpt":{"rendered":"<p>Renascer, reinventar, perseverar: os sentimentos que envolveram os momentos de cria\u00e7\u00e3o da designer Linda Martins durante o per\u00edodo de pandemia inspiraram a mostra Flores\u00e7a \u2014 um incentivo para encarar o futuro com otimismo e esperan\u00e7a. Realizada durante a DW! no mezanino do Hotel Unique, a exposi\u00e7\u00e3o apresentou ao p\u00fablico 12 novas pe\u00e7as do Studio Linda [&hellip;]<\/p>\n","protected":false},"author":2,"featured_media":18322,"comment_status":"open","ping_status":"closed","sticky":false,"template":"","format":"standard","meta":{"footnotes":""},"categories":[1],"tags":[],"yoast_head":"<!-- This site is optimized with the Yoast SEO plugin v22.6 - https:\/\/yoast.com\/wordpress\/plugins\/seo\/ -->\n<title>Linda Martins lan\u00e7a 12 pe\u00e7as e anuncia a abertura de seu showroom paulistano - DW!<\/title>\n<meta name=\"robots\" content=\"index, follow, max-snippet:-1, max-image-preview:large, max-video-preview:-1\" \/>\n<link rel=\"canonical\" href=\"https:\/\/historia.dwsemanadedesign.com.br\/dwfestival2023\/linda-martins-lanca-12-pecas-e-anuncia-a-abertura-de-seu-showroom-paulistano\/\" \/>\n<meta property=\"og:locale\" content=\"pt_BR\" \/>\n<meta property=\"og:type\" content=\"article\" \/>\n<meta property=\"og:title\" content=\"Linda Martins lan\u00e7a 12 pe\u00e7as e anuncia a abertura de seu showroom paulistano - DW!\" \/>\n<meta property=\"og:description\" content=\"Renascer, reinventar, perseverar: os sentimentos que envolveram os momentos de cria\u00e7\u00e3o da designer Linda Martins durante o per\u00edodo de pandemia inspiraram a mostra Flores\u00e7a \u2014 um incentivo para encarar o futuro com otimismo e esperan\u00e7a. Realizada durante a DW! no mezanino do Hotel Unique, a exposi\u00e7\u00e3o apresentou ao p\u00fablico 12 novas pe\u00e7as do Studio Linda [&hellip;]\" \/>\n<meta property=\"og:url\" content=\"https:\/\/historia.dwsemanadedesign.com.br\/dwfestival2023\/linda-martins-lanca-12-pecas-e-anuncia-a-abertura-de-seu-showroom-paulistano\/\" \/>\n<meta property=\"og:site_name\" content=\"DW!\" \/>\n<meta property=\"article:published_time\" content=\"2021-10-15T14:39:35+00:00\" \/>\n<meta property=\"article:modified_time\" content=\"2021-10-15T15:42:26+00:00\" \/>\n<meta property=\"og:image\" content=\"https:\/\/historia.dwsemanadedesign.com.br\/dwfestival2023\/wp-content\/uploads\/2021\/10\/DWLindaMartins19-scaled.jpg\" \/>\n\t<meta property=\"og:image:width\" content=\"2048\" \/>\n\t<meta property=\"og:image:height\" content=\"1492\" \/>\n\t<meta property=\"og:image:type\" content=\"image\/jpeg\" \/>\n<meta name=\"author\" content=\"Reda\u00e7\u00e3o DW!\" \/>\n<meta name=\"twitter:card\" content=\"summary_large_image\" \/>\n<meta name=\"twitter:label1\" content=\"Escrito por\" \/>\n\t<meta name=\"twitter:data1\" content=\"Reda\u00e7\u00e3o DW!\" \/>\n\t<meta name=\"twitter:label2\" content=\"Est. tempo de leitura\" \/>\n\t<meta name=\"twitter:data2\" content=\"3 minutos\" \/>\n<script type=\"application\/ld+json\" class=\"yoast-schema-graph\">{\"@context\":\"https:\/\/schema.org\",\"@graph\":[{\"@type\":\"Article\",\"@id\":\"https:\/\/historia.dwsemanadedesign.com.br\/dwfestival2023\/linda-martins-lanca-12-pecas-e-anuncia-a-abertura-de-seu-showroom-paulistano\/#article\",\"isPartOf\":{\"@id\":\"https:\/\/historia.dwsemanadedesign.com.br\/dwfestival2023\/linda-martins-lanca-12-pecas-e-anuncia-a-abertura-de-seu-showroom-paulistano\/\"},\"author\":{\"name\":\"Reda\u00e7\u00e3o DW!\",\"@id\":\"https:\/\/historia.dwsemanadedesign.com.br\/dwfestival2023\/#\/schema\/person\/2bb9ff1002bc7685feea63a8b68912ae\"},\"headline\":\"Linda Martins lan\u00e7a 12 pe\u00e7as e anuncia a abertura de seu showroom paulistano\",\"datePublished\":\"2021-10-15T14:39:35+00:00\",\"dateModified\":\"2021-10-15T15:42:26+00:00\",\"mainEntityOfPage\":{\"@id\":\"https:\/\/historia.dwsemanadedesign.com.br\/dwfestival2023\/linda-martins-lanca-12-pecas-e-anuncia-a-abertura-de-seu-showroom-paulistano\/\"},\"wordCount\":432,\"commentCount\":0,\"publisher\":{\"@id\":\"https:\/\/historia.dwsemanadedesign.com.br\/dwfestival2023\/#organization\"},\"image\":{\"@id\":\"https:\/\/historia.dwsemanadedesign.com.br\/dwfestival2023\/linda-martins-lanca-12-pecas-e-anuncia-a-abertura-de-seu-showroom-paulistano\/#primaryimage\"},\"thumbnailUrl\":\"https:\/\/historia.dwsemanadedesign.com.br\/dwfestival2023\/wp-content\/uploads\/2021\/10\/DWLindaMartins19-scaled.jpg\",\"articleSection\":[\"Lan\u00e7amentos\"],\"inLanguage\":\"pt-BR\",\"potentialAction\":[{\"@type\":\"CommentAction\",\"name\":\"Comment\",\"target\":[\"https:\/\/historia.dwsemanadedesign.com.br\/dwfestival2023\/linda-martins-lanca-12-pecas-e-anuncia-a-abertura-de-seu-showroom-paulistano\/#respond\"]}]},{\"@type\":\"WebPage\",\"@id\":\"https:\/\/historia.dwsemanadedesign.com.br\/dwfestival2023\/linda-martins-lanca-12-pecas-e-anuncia-a-abertura-de-seu-showroom-paulistano\/\",\"url\":\"https:\/\/historia.dwsemanadedesign.com.br\/dwfestival2023\/linda-martins-lanca-12-pecas-e-anuncia-a-abertura-de-seu-showroom-paulistano\/\",\"name\":\"Linda Martins lan\u00e7a 12 pe\u00e7as e anuncia a abertura de seu showroom paulistano - DW!\",\"isPartOf\":{\"@id\":\"https:\/\/historia.dwsemanadedesign.com.br\/dwfestival2023\/#website\"},\"primaryImageOfPage\":{\"@id\":\"https:\/\/historia.dwsemanadedesign.com.br\/dwfestival2023\/linda-martins-lanca-12-pecas-e-anuncia-a-abertura-de-seu-showroom-paulistano\/#primaryimage\"},\"image\":{\"@id\":\"https:\/\/historia.dwsemanadedesign.com.br\/dwfestival2023\/linda-martins-lanca-12-pecas-e-anuncia-a-abertura-de-seu-showroom-paulistano\/#primaryimage\"},\"thumbnailUrl\":\"https:\/\/historia.dwsemanadedesign.com.br\/dwfestival2023\/wp-content\/uploads\/2021\/10\/DWLindaMartins19-scaled.jpg\",\"datePublished\":\"2021-10-15T14:39:35+00:00\",\"dateModified\":\"2021-10-15T15:42:26+00:00\",\"breadcrumb\":{\"@id\":\"https:\/\/historia.dwsemanadedesign.com.br\/dwfestival2023\/linda-martins-lanca-12-pecas-e-anuncia-a-abertura-de-seu-showroom-paulistano\/#breadcrumb\"},\"inLanguage\":\"pt-BR\",\"potentialAction\":[{\"@type\":\"ReadAction\",\"target\":[\"https:\/\/historia.dwsemanadedesign.com.br\/dwfestival2023\/linda-martins-lanca-12-pecas-e-anuncia-a-abertura-de-seu-showroom-paulistano\/\"]}]},{\"@type\":\"ImageObject\",\"inLanguage\":\"pt-BR\",\"@id\":\"https:\/\/historia.dwsemanadedesign.com.br\/dwfestival2023\/linda-martins-lanca-12-pecas-e-anuncia-a-abertura-de-seu-showroom-paulistano\/#primaryimage\",\"url\":\"https:\/\/historia.dwsemanadedesign.com.br\/dwfestival2023\/wp-content\/uploads\/2021\/10\/DWLindaMartins19-scaled.jpg\",\"contentUrl\":\"https:\/\/historia.dwsemanadedesign.com.br\/dwfestival2023\/wp-content\/uploads\/2021\/10\/DWLindaMartins19-scaled.jpg\",\"width\":2048,\"height\":1492,\"caption\":\"Studio Linda Martins\"},{\"@type\":\"BreadcrumbList\",\"@id\":\"https:\/\/historia.dwsemanadedesign.com.br\/dwfestival2023\/linda-martins-lanca-12-pecas-e-anuncia-a-abertura-de-seu-showroom-paulistano\/#breadcrumb\",\"itemListElement\":[{\"@type\":\"ListItem\",\"position\":1,\"name\":\"In\u00edcio\",\"item\":\"https:\/\/historia.dwsemanadedesign.com.br\/dwfestival2023\/\"},{\"@type\":\"ListItem\",\"position\":2,\"name\":\"Linda Martins lan\u00e7a 12 pe\u00e7as e anuncia a abertura de seu showroom paulistano\"}]},{\"@type\":\"WebSite\",\"@id\":\"https:\/\/historia.dwsemanadedesign.com.br\/dwfestival2023\/#website\",\"url\":\"https:\/\/historia.dwsemanadedesign.com.br\/dwfestival2023\/\",\"name\":\"DW!\",\"description\":\"S\u00e3o Paulo Design Weekend\",\"publisher\":{\"@id\":\"https:\/\/historia.dwsemanadedesign.com.br\/dwfestival2023\/#organization\"},\"potentialAction\":[{\"@type\":\"SearchAction\",\"target\":{\"@type\":\"EntryPoint\",\"urlTemplate\":\"https:\/\/historia.dwsemanadedesign.com.br\/dwfestival2023\/?s={search_term_string}\"},\"query-input\":\"required name=search_term_string\"}],\"inLanguage\":\"pt-BR\"},{\"@type\":\"Organization\",\"@id\":\"https:\/\/historia.dwsemanadedesign.com.br\/dwfestival2023\/#organization\",\"name\":\"DW!\",\"url\":\"https:\/\/historia.dwsemanadedesign.com.br\/dwfestival2023\/\",\"logo\":{\"@type\":\"ImageObject\",\"inLanguage\":\"pt-BR\",\"@id\":\"https:\/\/historia.dwsemanadedesign.com.br\/dwfestival2023\/#\/schema\/logo\/image\/\",\"url\":\"https:\/\/historia.dwsemanadedesign.com.br\/dwfestival2023\/wp-content\/uploads\/2020\/07\/logodw2023-roxo-2.png\",\"contentUrl\":\"https:\/\/historia.dwsemanadedesign.com.br\/dwfestival2023\/wp-content\/uploads\/2020\/07\/logodw2023-roxo-2.png\",\"width\":370,\"height\":164,\"caption\":\"DW!\"},\"image\":{\"@id\":\"https:\/\/historia.dwsemanadedesign.com.br\/dwfestival2023\/#\/schema\/logo\/image\/\"}},{\"@type\":\"Person\",\"@id\":\"https:\/\/historia.dwsemanadedesign.com.br\/dwfestival2023\/#\/schema\/person\/2bb9ff1002bc7685feea63a8b68912ae\",\"name\":\"Reda\u00e7\u00e3o DW!\",\"image\":{\"@type\":\"ImageObject\",\"inLanguage\":\"pt-BR\",\"@id\":\"https:\/\/historia.dwsemanadedesign.com.br\/dwfestival2023\/#\/schema\/person\/image\/\",\"url\":\"https:\/\/secure.gravatar.com\/avatar\/c059c5e436ff3ea24a86882b6a94863d?s=96&d=mm&r=g\",\"contentUrl\":\"https:\/\/secure.gravatar.com\/avatar\/c059c5e436ff3ea24a86882b6a94863d?s=96&d=mm&r=g\",\"caption\":\"Reda\u00e7\u00e3o DW!\"},\"description\":\"Design \u00e9 a nossa paix\u00e3o. Seja no blog ou nas m\u00eddias sociais, nossa equipe compartilha not\u00edcias do festival e tudo que acontece no universo do design no Brasil e no mundo. Acompanhe =)\",\"url\":\"https:\/\/historia.dwsemanadedesign.com.br\/dwfestival2023\/author\/dw\/\"}]}<\/script>\n<!-- \/ Yoast SEO plugin. -->","yoast_head_json":{"title":"Linda Martins lan\u00e7a 12 pe\u00e7as e anuncia a abertura de seu showroom paulistano - DW!","robots":{"index":"index","follow":"follow","max-snippet":"max-snippet:-1","max-image-preview":"max-image-preview:large","max-video-preview":"max-video-preview:-1"},"canonical":"https:\/\/historia.dwsemanadedesign.com.br\/dwfestival2023\/linda-martins-lanca-12-pecas-e-anuncia-a-abertura-de-seu-showroom-paulistano\/","og_locale":"pt_BR","og_type":"article","og_title":"Linda Martins lan\u00e7a 12 pe\u00e7as e anuncia a abertura de seu showroom paulistano - DW!","og_description":"Renascer, reinventar, perseverar: os sentimentos que envolveram os momentos de cria\u00e7\u00e3o da designer Linda Martins durante o per\u00edodo de pandemia inspiraram a mostra Flores\u00e7a \u2014 um incentivo para encarar o futuro com otimismo e esperan\u00e7a. Realizada durante a DW! no mezanino do Hotel Unique, a exposi\u00e7\u00e3o apresentou ao p\u00fablico 12 novas pe\u00e7as do Studio Linda [&hellip;]","og_url":"https:\/\/historia.dwsemanadedesign.com.br\/dwfestival2023\/linda-martins-lanca-12-pecas-e-anuncia-a-abertura-de-seu-showroom-paulistano\/","og_site_name":"DW!","article_published_time":"2021-10-15T14:39:35+00:00","article_modified_time":"2021-10-15T15:42:26+00:00","og_image":[{"width":2048,"height":1492,"url":"https:\/\/historia.dwsemanadedesign.com.br\/dwfestival2023\/wp-content\/uploads\/2021\/10\/DWLindaMartins19-scaled.jpg","type":"image\/jpeg"}],"author":"Reda\u00e7\u00e3o DW!","twitter_card":"summary_large_image","twitter_misc":{"Escrito por":"Reda\u00e7\u00e3o DW!","Est. tempo de leitura":"3 minutos"},"schema":{"@context":"https:\/\/schema.org","@graph":[{"@type":"Article","@id":"https:\/\/historia.dwsemanadedesign.com.br\/dwfestival2023\/linda-martins-lanca-12-pecas-e-anuncia-a-abertura-de-seu-showroom-paulistano\/#article","isPartOf":{"@id":"https:\/\/historia.dwsemanadedesign.com.br\/dwfestival2023\/linda-martins-lanca-12-pecas-e-anuncia-a-abertura-de-seu-showroom-paulistano\/"},"author":{"name":"Reda\u00e7\u00e3o DW!","@id":"https:\/\/historia.dwsemanadedesign.com.br\/dwfestival2023\/#\/schema\/person\/2bb9ff1002bc7685feea63a8b68912ae"},"headline":"Linda Martins lan\u00e7a 12 pe\u00e7as e anuncia a abertura de seu showroom paulistano","datePublished":"2021-10-15T14:39:35+00:00","dateModified":"2021-10-15T15:42:26+00:00","mainEntityOfPage":{"@id":"https:\/\/historia.dwsemanadedesign.com.br\/dwfestival2023\/linda-martins-lanca-12-pecas-e-anuncia-a-abertura-de-seu-showroom-paulistano\/"},"wordCount":432,"commentCount":0,"publisher":{"@id":"https:\/\/historia.dwsemanadedesign.com.br\/dwfestival2023\/#organization"},"image":{"@id":"https:\/\/historia.dwsemanadedesign.com.br\/dwfestival2023\/linda-martins-lanca-12-pecas-e-anuncia-a-abertura-de-seu-showroom-paulistano\/#primaryimage"},"thumbnailUrl":"https:\/\/historia.dwsemanadedesign.com.br\/dwfestival2023\/wp-content\/uploads\/2021\/10\/DWLindaMartins19-scaled.jpg","articleSection":["Lan\u00e7amentos"],"inLanguage":"pt-BR","potentialAction":[{"@type":"CommentAction","name":"Comment","target":["https:\/\/historia.dwsemanadedesign.com.br\/dwfestival2023\/linda-martins-lanca-12-pecas-e-anuncia-a-abertura-de-seu-showroom-paulistano\/#respond"]}]},{"@type":"WebPage","@id":"https:\/\/historia.dwsemanadedesign.com.br\/dwfestival2023\/linda-martins-lanca-12-pecas-e-anuncia-a-abertura-de-seu-showroom-paulistano\/","url":"https:\/\/historia.dwsemanadedesign.com.br\/dwfestival2023\/linda-martins-lanca-12-pecas-e-anuncia-a-abertura-de-seu-showroom-paulistano\/","name":"Linda Martins lan\u00e7a 12 pe\u00e7as e anuncia a abertura de seu showroom paulistano - DW!","isPartOf":{"@id":"https:\/\/historia.dwsemanadedesign.com.br\/dwfestival2023\/#website"},"primaryImageOfPage":{"@id":"https:\/\/historia.dwsemanadedesign.com.br\/dwfestival2023\/linda-martins-lanca-12-pecas-e-anuncia-a-abertura-de-seu-showroom-paulistano\/#primaryimage"},"image":{"@id":"https:\/\/historia.dwsemanadedesign.com.br\/dwfestival2023\/linda-martins-lanca-12-pecas-e-anuncia-a-abertura-de-seu-showroom-paulistano\/#primaryimage"},"thumbnailUrl":"https:\/\/historia.dwsemanadedesign.com.br\/dwfestival2023\/wp-content\/uploads\/2021\/10\/DWLindaMartins19-scaled.jpg","datePublished":"2021-10-15T14:39:35+00:00","dateModified":"2021-10-15T15:42:26+00:00","breadcrumb":{"@id":"https:\/\/historia.dwsemanadedesign.com.br\/dwfestival2023\/linda-martins-lanca-12-pecas-e-anuncia-a-abertura-de-seu-showroom-paulistano\/#breadcrumb"},"inLanguage":"pt-BR","potentialAction":[{"@type":"ReadAction","target":["https:\/\/historia.dwsemanadedesign.com.br\/dwfestival2023\/linda-martins-lanca-12-pecas-e-anuncia-a-abertura-de-seu-showroom-paulistano\/"]}]},{"@type":"ImageObject","inLanguage":"pt-BR","@id":"https:\/\/historia.dwsemanadedesign.com.br\/dwfestival2023\/linda-martins-lanca-12-pecas-e-anuncia-a-abertura-de-seu-showroom-paulistano\/#primaryimage","url":"https:\/\/historia.dwsemanadedesign.com.br\/dwfestival2023\/wp-content\/uploads\/2021\/10\/DWLindaMartins19-scaled.jpg","contentUrl":"https:\/\/historia.dwsemanadedesign.com.br\/dwfestival2023\/wp-content\/uploads\/2021\/10\/DWLindaMartins19-scaled.jpg","width":2048,"height":1492,"caption":"Studio Linda Martins"},{"@type":"BreadcrumbList","@id":"https:\/\/historia.dwsemanadedesign.com.br\/dwfestival2023\/linda-martins-lanca-12-pecas-e-anuncia-a-abertura-de-seu-showroom-paulistano\/#breadcrumb","itemListElement":[{"@type":"ListItem","position":1,"name":"In\u00edcio","item":"https:\/\/historia.dwsemanadedesign.com.br\/dwfestival2023\/"},{"@type":"ListItem","position":2,"name":"Linda Martins lan\u00e7a 12 pe\u00e7as e anuncia a abertura de seu showroom paulistano"}]},{"@type":"WebSite","@id":"https:\/\/historia.dwsemanadedesign.com.br\/dwfestival2023\/#website","url":"https:\/\/historia.dwsemanadedesign.com.br\/dwfestival2023\/","name":"DW!","description":"S\u00e3o Paulo Design Weekend","publisher":{"@id":"https:\/\/historia.dwsemanadedesign.com.br\/dwfestival2023\/#organization"},"potentialAction":[{"@type":"SearchAction","target":{"@type":"EntryPoint","urlTemplate":"https:\/\/historia.dwsemanadedesign.com.br\/dwfestival2023\/?s={search_term_string}"},"query-input":"required name=search_term_string"}],"inLanguage":"pt-BR"},{"@type":"Organization","@id":"https:\/\/historia.dwsemanadedesign.com.br\/dwfestival2023\/#organization","name":"DW!","url":"https:\/\/historia.dwsemanadedesign.com.br\/dwfestival2023\/","logo":{"@type":"ImageObject","inLanguage":"pt-BR","@id":"https:\/\/historia.dwsemanadedesign.com.br\/dwfestival2023\/#\/schema\/logo\/image\/","url":"https:\/\/historia.dwsemanadedesign.com.br\/dwfestival2023\/wp-content\/uploads\/2020\/07\/logodw2023-roxo-2.png","contentUrl":"https:\/\/historia.dwsemanadedesign.com.br\/dwfestival2023\/wp-content\/uploads\/2020\/07\/logodw2023-roxo-2.png","width":370,"height":164,"caption":"DW!"},"image":{"@id":"https:\/\/historia.dwsemanadedesign.com.br\/dwfestival2023\/#\/schema\/logo\/image\/"}},{"@type":"Person","@id":"https:\/\/historia.dwsemanadedesign.com.br\/dwfestival2023\/#\/schema\/person\/2bb9ff1002bc7685feea63a8b68912ae","name":"Reda\u00e7\u00e3o DW!","image":{"@type":"ImageObject","inLanguage":"pt-BR","@id":"https:\/\/historia.dwsemanadedesign.com.br\/dwfestival2023\/#\/schema\/person\/image\/","url":"https:\/\/secure.gravatar.com\/avatar\/c059c5e436ff3ea24a86882b6a94863d?s=96&d=mm&r=g","contentUrl":"https:\/\/secure.gravatar.com\/avatar\/c059c5e436ff3ea24a86882b6a94863d?s=96&d=mm&r=g","caption":"Reda\u00e7\u00e3o DW!"},"description":"Design \u00e9 a nossa paix\u00e3o. Seja no blog ou nas m\u00eddias sociais, nossa equipe compartilha not\u00edcias do festival e tudo que acontece no universo do design no Brasil e no mundo. Acompanhe =)","url":"https:\/\/historia.dwsemanadedesign.com.br\/dwfestival2023\/author\/dw\/"}]}},"_links":{"self":[{"href":"https:\/\/historia.dwsemanadedesign.com.br\/dwfestival2023\/wp-json\/wp\/v2\/posts\/18317"}],"collection":[{"href":"https:\/\/historia.dwsemanadedesign.com.br\/dwfestival2023\/wp-json\/wp\/v2\/posts"}],"about":[{"href":"https:\/\/historia.dwsemanadedesign.com.br\/dwfestival2023\/wp-json\/wp\/v2\/types\/post"}],"author":[{"embeddable":true,"href":"https:\/\/historia.dwsemanadedesign.com.br\/dwfestival2023\/wp-json\/wp\/v2\/users\/2"}],"replies":[{"embeddable":true,"href":"https:\/\/historia.dwsemanadedesign.com.br\/dwfestival2023\/wp-json\/wp\/v2\/comments?post=18317"}],"version-history":[{"count":0,"href":"https:\/\/historia.dwsemanadedesign.com.br\/dwfestival2023\/wp-json\/wp\/v2\/posts\/18317\/revisions"}],"wp:featuredmedia":[{"embeddable":true,"href":"https:\/\/historia.dwsemanadedesign.com.br\/dwfestival2023\/wp-json\/wp\/v2\/media\/18322"}],"wp:attachment":[{"href":"https:\/\/historia.dwsemanadedesign.com.br\/dwfestival2023\/wp-json\/wp\/v2\/media?parent=18317"}],"wp:term":[{"taxonomy":"category","embeddable":true,"href":"https:\/\/historia.dwsemanadedesign.com.br\/dwfestival2023\/wp-json\/wp\/v2\/categories?post=18317"},{"taxonomy":"post_tag","embeddable":true,"href":"https:\/\/historia.dwsemanadedesign.com.br\/dwfestival2023\/wp-json\/wp\/v2\/tags?post=18317"}],"curies":[{"name":"wp","href":"https:\/\/api.w.org\/{rel}","templated":true}]}}