{"id":217,"date":"2019-07-18T02:34:00","date_gmt":"2019-07-18T02:34:00","guid":{"rendered":""},"modified":"2020-07-22T19:02:19","modified_gmt":"2020-07-22T22:02:19","slug":"america-latina-e-tema-de-feira-de-design-colecionavel-evento-ancora-do-dw","status":"publish","type":"post","link":"https:\/\/historia.dwsemanadedesign.com.br\/dwfestival2023\/america-latina-e-tema-de-feira-de-design-colecionavel-evento-ancora-do-dw\/","title":{"rendered":"Am\u00e9rica Latina \u00e9 tema de feira de design colecion\u00e1vel, evento \u00e2ncora do DW!"},"content":{"rendered":"<p><em>Maior plataforma de incentivo ao design colecion&aacute;vel e autoral do Brasil, a&nbsp;<strong>MA<\/strong><strong>D<\/strong><strong>E 2019<\/strong> ser&aacute; realizada entre os dias 22 e 25 de agosto, no Pavilh&atilde;o da Bienal, em S&atilde;o Paulo.<br \/><\/em><br \/>Evento &acirc;ncora do DW!, a&nbsp;<span><a href=\"mailto:www.mercadoartedesign.com\">MA<\/a><a href=\"mailto:www.mercadoartedesign.com\">D<\/a><a href=\"mailto:www.mercadoartedesign.com\">E<\/a><\/span> (Mercado.Arte.Design), primeira e maior feira de design colecion&aacute;vel do pa&iacute;s, chega a s&eacute;tima edi&ccedil;&atilde;o reafirmando seu compromisso como principal vitrine autoral no Brasil. Entre os dias <strong>22 e 25 de agosto<\/strong>, pe&ccedil;as exclusivas dos mais de cem expositores nacionais e internacionais tomam conta do Pavilh&atilde;o da Bienal, em S&atilde;o Paulo. S&atilde;o interven&ccedil;&otilde;es in&eacute;ditas, o encontro entre novos profissionais e designers consagrados, galerias e exposi&ccedil;&otilde;es que fortalcem a cultura do design. A curadoria de conte&uacute;do do evento, assim como a sele&ccedil;&atilde;o dos expositores, &eacute; feita pelos s&oacute;cios Waldick Jatob&aacute; e Bruno Sim&otilde;es.<\/p>\n<p> Com tem&aacute;ticas anuais relacionadas ao universo criativo do design, a MADE desponta tamb&eacute;m como plataforma de conte&uacute;do e fomento ao consumo de design. Para 2019, o tema eleito &eacute; <strong>Am&eacute;rica Latina <\/strong>e s&atilde;o previstas atra&ccedil;&otilde;es in&eacute;ditas vindas de toda a regi&atilde;o, em especial Brasil e M&eacute;xico. O designer do ano, ainda n&atilde;o divulgado pela organiza&ccedil;&atilde;o da feira, tamb&eacute;m compreende este territ&oacute;rio cultural.&nbsp;<\/p>\n<p><img decoding=\"async\" alt=\"\" src=\"https:\/\/historia.dwsemanadedesign.com.br\/dwfestival2023\/Content\/Uploads\/Images\/\/MADE2.jpg\" width=\"800\" \/><\/p>\n<p> Al&eacute;m de toda a estrutura reconhecida, s&atilde;o previstas novidades para a edi&ccedil;&atilde;o, entre eles o conceito passaporte de acesso &agrave; feira, os workshops promovidos em parceria com a Belas Artes e profissionais latino-americanos, o modelo de &ldquo;palestra muda&rdquo;e a participa&ccedil;&atilde;o dos <strong>Irm&atilde;os Campana<\/strong> como convidados de honra em comemora&ccedil;&atilde;o aos 35 anos de carreira. A <strong>GastroMADE<\/strong>, divis&atilde;o gastron&ocirc;mica voltada para a culin&aacute;ria artesanal e lan&ccedil;ada ano passado tamb&eacute;m ter&aacute; espa&ccedil;o especial este ano, no andar superior da Bienal.<\/p>\n<p><strong>MADE &#8211; Mercado. Arte. Design 2019&nbsp;&nbsp;&nbsp;&nbsp;&nbsp;&nbsp;&nbsp;&nbsp; <br \/><\/strong>De 22 a 25 de agosto de 2019<br \/>Pavilh&atilde;o da Bienal &#8211; Ibirapuera<br \/>Av. Pedro &Aacute;lvares Cabral, s\/n &#8211; S&atilde;o Paulo<br \/><strong>Hor&aacute;rios de visita&ccedil;&atilde;o:<\/strong><br \/>22 e 23\/08: Quinta e Sexta, das 13h &agrave;s 21h<br \/>24\/08: S&aacute;bado, das 12h &agrave;s 21h<br \/>25\/08: Domingo, das 12h &agrave;s 19h (bilheteria at&eacute; as 18h)<br \/><strong>Ingresso:<\/strong> <br \/>R$ 40,00 (estudantes e maiores de 60 anos pagam meia entrada)<\/p>\n<\/p>\n<p>&nbsp;<\/p>\n","protected":false},"excerpt":{"rendered":"<p>Maior plataforma de incentivo ao design colecion&aacute;vel e autoral do Brasil, a&nbsp;MADE 2019 ser&aacute; realizada entre os dias 22 e 25 de agosto, no Pavilh&atilde;o da Bienal, em S&atilde;o Paulo.Evento &acirc;ncora do DW!, a&nbsp;MADE (Mercado.Arte.Design), primeira e maior feira de design colecion&aacute;vel do pa&iacute;s, chega a s&eacute;tima edi&ccedil;&atilde;o reafirmando seu compromisso como principal vitrine autoral [&hellip;]<\/p>\n","protected":false},"author":1,"featured_media":502,"comment_status":"open","ping_status":"open","sticky":false,"template":"","format":"standard","meta":{"footnotes":""},"categories":[4],"tags":[],"yoast_head":"<!-- This site is optimized with the Yoast SEO plugin v22.6 - https:\/\/yoast.com\/wordpress\/plugins\/seo\/ -->\n<title>Am\u00e9rica Latina \u00e9 tema de feira de design colecion\u00e1vel, evento \u00e2ncora do DW! - DW!<\/title>\n<meta name=\"robots\" content=\"index, follow, max-snippet:-1, max-image-preview:large, max-video-preview:-1\" \/>\n<link rel=\"canonical\" href=\"https:\/\/historia.dwsemanadedesign.com.br\/dwfestival2023\/america-latina-e-tema-de-feira-de-design-colecionavel-evento-ancora-do-dw\/\" \/>\n<meta property=\"og:locale\" content=\"pt_BR\" \/>\n<meta property=\"og:type\" content=\"article\" \/>\n<meta property=\"og:title\" content=\"Am\u00e9rica Latina \u00e9 tema de feira de design colecion\u00e1vel, evento \u00e2ncora do DW! - DW!\" \/>\n<meta property=\"og:description\" content=\"Maior plataforma de incentivo ao design colecion&aacute;vel e autoral do Brasil, a&nbsp;MADE 2019 ser&aacute; realizada entre os dias 22 e 25 de agosto, no Pavilh&atilde;o da Bienal, em S&atilde;o Paulo.Evento &acirc;ncora do DW!, a&nbsp;MADE (Mercado.Arte.Design), primeira e maior feira de design colecion&aacute;vel do pa&iacute;s, chega a s&eacute;tima edi&ccedil;&atilde;o reafirmando seu compromisso como principal vitrine autoral [&hellip;]\" \/>\n<meta property=\"og:url\" content=\"https:\/\/historia.dwsemanadedesign.com.br\/dwfestival2023\/america-latina-e-tema-de-feira-de-design-colecionavel-evento-ancora-do-dw\/\" \/>\n<meta property=\"og:site_name\" content=\"DW!\" \/>\n<meta property=\"article:published_time\" content=\"2019-07-18T02:34:00+00:00\" \/>\n<meta property=\"article:modified_time\" content=\"2020-07-22T22:02:19+00:00\" \/>\n<meta property=\"og:image\" content=\"https:\/\/historia.dwsemanadedesign.com.br\/dwfestival2023\/wp-content\/uploads\/2019\/07\/39149.jpg\" \/>\n\t<meta property=\"og:image:width\" content=\"1190\" \/>\n\t<meta property=\"og:image:height\" content=\"810\" \/>\n\t<meta property=\"og:image:type\" content=\"image\/jpeg\" \/>\n<meta name=\"author\" content=\"refstecnologia\" \/>\n<meta name=\"twitter:card\" content=\"summary_large_image\" \/>\n<meta name=\"twitter:label1\" content=\"Escrito por\" \/>\n\t<meta name=\"twitter:data1\" content=\"refstecnologia\" \/>\n\t<meta name=\"twitter:label2\" content=\"Est. tempo de leitura\" \/>\n\t<meta name=\"twitter:data2\" content=\"2 minutos\" \/>\n<script type=\"application\/ld+json\" class=\"yoast-schema-graph\">{\"@context\":\"https:\/\/schema.org\",\"@graph\":[{\"@type\":\"Article\",\"@id\":\"https:\/\/historia.dwsemanadedesign.com.br\/dwfestival2023\/america-latina-e-tema-de-feira-de-design-colecionavel-evento-ancora-do-dw\/#article\",\"isPartOf\":{\"@id\":\"https:\/\/historia.dwsemanadedesign.com.br\/dwfestival2023\/america-latina-e-tema-de-feira-de-design-colecionavel-evento-ancora-do-dw\/\"},\"author\":{\"name\":\"refstecnologia\",\"@id\":\"https:\/\/historia.dwsemanadedesign.com.br\/dwfestival2023\/#\/schema\/person\/98a55f5fc3f76fd82548ca2bf9d64d52\"},\"headline\":\"Am\u00e9rica Latina \u00e9 tema de feira de design colecion\u00e1vel, evento \u00e2ncora do DW!\",\"datePublished\":\"2019-07-18T02:34:00+00:00\",\"dateModified\":\"2020-07-22T22:02:19+00:00\",\"mainEntityOfPage\":{\"@id\":\"https:\/\/historia.dwsemanadedesign.com.br\/dwfestival2023\/america-latina-e-tema-de-feira-de-design-colecionavel-evento-ancora-do-dw\/\"},\"wordCount\":469,\"commentCount\":0,\"publisher\":{\"@id\":\"https:\/\/historia.dwsemanadedesign.com.br\/dwfestival2023\/#organization\"},\"image\":{\"@id\":\"https:\/\/historia.dwsemanadedesign.com.br\/dwfestival2023\/america-latina-e-tema-de-feira-de-design-colecionavel-evento-ancora-do-dw\/#primaryimage\"},\"thumbnailUrl\":\"https:\/\/historia.dwsemanadedesign.com.br\/dwfestival2023\/wp-content\/uploads\/2019\/07\/39149.jpg\",\"articleSection\":[\"Not\u00edcias\"],\"inLanguage\":\"pt-BR\",\"potentialAction\":[{\"@type\":\"CommentAction\",\"name\":\"Comment\",\"target\":[\"https:\/\/historia.dwsemanadedesign.com.br\/dwfestival2023\/america-latina-e-tema-de-feira-de-design-colecionavel-evento-ancora-do-dw\/#respond\"]}]},{\"@type\":\"WebPage\",\"@id\":\"https:\/\/historia.dwsemanadedesign.com.br\/dwfestival2023\/america-latina-e-tema-de-feira-de-design-colecionavel-evento-ancora-do-dw\/\",\"url\":\"https:\/\/historia.dwsemanadedesign.com.br\/dwfestival2023\/america-latina-e-tema-de-feira-de-design-colecionavel-evento-ancora-do-dw\/\",\"name\":\"Am\u00e9rica Latina \u00e9 tema de feira de design colecion\u00e1vel, evento \u00e2ncora do DW! - DW!\",\"isPartOf\":{\"@id\":\"https:\/\/historia.dwsemanadedesign.com.br\/dwfestival2023\/#website\"},\"primaryImageOfPage\":{\"@id\":\"https:\/\/historia.dwsemanadedesign.com.br\/dwfestival2023\/america-latina-e-tema-de-feira-de-design-colecionavel-evento-ancora-do-dw\/#primaryimage\"},\"image\":{\"@id\":\"https:\/\/historia.dwsemanadedesign.com.br\/dwfestival2023\/america-latina-e-tema-de-feira-de-design-colecionavel-evento-ancora-do-dw\/#primaryimage\"},\"thumbnailUrl\":\"https:\/\/historia.dwsemanadedesign.com.br\/dwfestival2023\/wp-content\/uploads\/2019\/07\/39149.jpg\",\"datePublished\":\"2019-07-18T02:34:00+00:00\",\"dateModified\":\"2020-07-22T22:02:19+00:00\",\"breadcrumb\":{\"@id\":\"https:\/\/historia.dwsemanadedesign.com.br\/dwfestival2023\/america-latina-e-tema-de-feira-de-design-colecionavel-evento-ancora-do-dw\/#breadcrumb\"},\"inLanguage\":\"pt-BR\",\"potentialAction\":[{\"@type\":\"ReadAction\",\"target\":[\"https:\/\/historia.dwsemanadedesign.com.br\/dwfestival2023\/america-latina-e-tema-de-feira-de-design-colecionavel-evento-ancora-do-dw\/\"]}]},{\"@type\":\"ImageObject\",\"inLanguage\":\"pt-BR\",\"@id\":\"https:\/\/historia.dwsemanadedesign.com.br\/dwfestival2023\/america-latina-e-tema-de-feira-de-design-colecionavel-evento-ancora-do-dw\/#primaryimage\",\"url\":\"https:\/\/historia.dwsemanadedesign.com.br\/dwfestival2023\/wp-content\/uploads\/2019\/07\/39149.jpg\",\"contentUrl\":\"https:\/\/historia.dwsemanadedesign.com.br\/dwfestival2023\/wp-content\/uploads\/2019\/07\/39149.jpg\",\"width\":1190,\"height\":810},{\"@type\":\"BreadcrumbList\",\"@id\":\"https:\/\/historia.dwsemanadedesign.com.br\/dwfestival2023\/america-latina-e-tema-de-feira-de-design-colecionavel-evento-ancora-do-dw\/#breadcrumb\",\"itemListElement\":[{\"@type\":\"ListItem\",\"position\":1,\"name\":\"In\u00edcio\",\"item\":\"https:\/\/historia.dwsemanadedesign.com.br\/dwfestival2023\/\"},{\"@type\":\"ListItem\",\"position\":2,\"name\":\"Am\u00e9rica Latina \u00e9 tema de feira de design colecion\u00e1vel, evento \u00e2ncora do DW!\"}]},{\"@type\":\"WebSite\",\"@id\":\"https:\/\/historia.dwsemanadedesign.com.br\/dwfestival2023\/#website\",\"url\":\"https:\/\/historia.dwsemanadedesign.com.br\/dwfestival2023\/\",\"name\":\"DW!\",\"description\":\"S\u00e3o Paulo Design Weekend\",\"publisher\":{\"@id\":\"https:\/\/historia.dwsemanadedesign.com.br\/dwfestival2023\/#organization\"},\"potentialAction\":[{\"@type\":\"SearchAction\",\"target\":{\"@type\":\"EntryPoint\",\"urlTemplate\":\"https:\/\/historia.dwsemanadedesign.com.br\/dwfestival2023\/?s={search_term_string}\"},\"query-input\":\"required name=search_term_string\"}],\"inLanguage\":\"pt-BR\"},{\"@type\":\"Organization\",\"@id\":\"https:\/\/historia.dwsemanadedesign.com.br\/dwfestival2023\/#organization\",\"name\":\"DW!\",\"url\":\"https:\/\/historia.dwsemanadedesign.com.br\/dwfestival2023\/\",\"logo\":{\"@type\":\"ImageObject\",\"inLanguage\":\"pt-BR\",\"@id\":\"https:\/\/historia.dwsemanadedesign.com.br\/dwfestival2023\/#\/schema\/logo\/image\/\",\"url\":\"https:\/\/historia.dwsemanadedesign.com.br\/dwfestival2023\/wp-content\/uploads\/2020\/07\/logodw2023-roxo-2.png\",\"contentUrl\":\"https:\/\/historia.dwsemanadedesign.com.br\/dwfestival2023\/wp-content\/uploads\/2020\/07\/logodw2023-roxo-2.png\",\"width\":370,\"height\":164,\"caption\":\"DW!\"},\"image\":{\"@id\":\"https:\/\/historia.dwsemanadedesign.com.br\/dwfestival2023\/#\/schema\/logo\/image\/\"}},{\"@type\":\"Person\",\"@id\":\"https:\/\/historia.dwsemanadedesign.com.br\/dwfestival2023\/#\/schema\/person\/98a55f5fc3f76fd82548ca2bf9d64d52\",\"name\":\"refstecnologia\",\"image\":{\"@type\":\"ImageObject\",\"inLanguage\":\"pt-BR\",\"@id\":\"https:\/\/historia.dwsemanadedesign.com.br\/dwfestival2023\/#\/schema\/person\/image\/\",\"url\":\"https:\/\/secure.gravatar.com\/avatar\/402f99f4719d5f3bbec64d97c26de598?s=96&d=mm&r=g\",\"contentUrl\":\"https:\/\/secure.gravatar.com\/avatar\/402f99f4719d5f3bbec64d97c26de598?s=96&d=mm&r=g\",\"caption\":\"refstecnologia\"},\"sameAs\":[\"http:\/\/localhost\/dw\"],\"url\":\"https:\/\/historia.dwsemanadedesign.com.br\/dwfestival2023\/author\/refstecnologia\/\"}]}<\/script>\n<!-- \/ Yoast SEO plugin. -->","yoast_head_json":{"title":"Am\u00e9rica Latina \u00e9 tema de feira de design colecion\u00e1vel, evento \u00e2ncora do DW! - DW!","robots":{"index":"index","follow":"follow","max-snippet":"max-snippet:-1","max-image-preview":"max-image-preview:large","max-video-preview":"max-video-preview:-1"},"canonical":"https:\/\/historia.dwsemanadedesign.com.br\/dwfestival2023\/america-latina-e-tema-de-feira-de-design-colecionavel-evento-ancora-do-dw\/","og_locale":"pt_BR","og_type":"article","og_title":"Am\u00e9rica Latina \u00e9 tema de feira de design colecion\u00e1vel, evento \u00e2ncora do DW! - DW!","og_description":"Maior plataforma de incentivo ao design colecion&aacute;vel e autoral do Brasil, a&nbsp;MADE 2019 ser&aacute; realizada entre os dias 22 e 25 de agosto, no Pavilh&atilde;o da Bienal, em S&atilde;o Paulo.Evento &acirc;ncora do DW!, a&nbsp;MADE (Mercado.Arte.Design), primeira e maior feira de design colecion&aacute;vel do pa&iacute;s, chega a s&eacute;tima edi&ccedil;&atilde;o reafirmando seu compromisso como principal vitrine autoral [&hellip;]","og_url":"https:\/\/historia.dwsemanadedesign.com.br\/dwfestival2023\/america-latina-e-tema-de-feira-de-design-colecionavel-evento-ancora-do-dw\/","og_site_name":"DW!","article_published_time":"2019-07-18T02:34:00+00:00","article_modified_time":"2020-07-22T22:02:19+00:00","og_image":[{"width":1190,"height":810,"url":"https:\/\/historia.dwsemanadedesign.com.br\/dwfestival2023\/wp-content\/uploads\/2019\/07\/39149.jpg","type":"image\/jpeg"}],"author":"refstecnologia","twitter_card":"summary_large_image","twitter_misc":{"Escrito por":"refstecnologia","Est. tempo de leitura":"2 minutos"},"schema":{"@context":"https:\/\/schema.org","@graph":[{"@type":"Article","@id":"https:\/\/historia.dwsemanadedesign.com.br\/dwfestival2023\/america-latina-e-tema-de-feira-de-design-colecionavel-evento-ancora-do-dw\/#article","isPartOf":{"@id":"https:\/\/historia.dwsemanadedesign.com.br\/dwfestival2023\/america-latina-e-tema-de-feira-de-design-colecionavel-evento-ancora-do-dw\/"},"author":{"name":"refstecnologia","@id":"https:\/\/historia.dwsemanadedesign.com.br\/dwfestival2023\/#\/schema\/person\/98a55f5fc3f76fd82548ca2bf9d64d52"},"headline":"Am\u00e9rica Latina \u00e9 tema de feira de design colecion\u00e1vel, evento \u00e2ncora do DW!","datePublished":"2019-07-18T02:34:00+00:00","dateModified":"2020-07-22T22:02:19+00:00","mainEntityOfPage":{"@id":"https:\/\/historia.dwsemanadedesign.com.br\/dwfestival2023\/america-latina-e-tema-de-feira-de-design-colecionavel-evento-ancora-do-dw\/"},"wordCount":469,"commentCount":0,"publisher":{"@id":"https:\/\/historia.dwsemanadedesign.com.br\/dwfestival2023\/#organization"},"image":{"@id":"https:\/\/historia.dwsemanadedesign.com.br\/dwfestival2023\/america-latina-e-tema-de-feira-de-design-colecionavel-evento-ancora-do-dw\/#primaryimage"},"thumbnailUrl":"https:\/\/historia.dwsemanadedesign.com.br\/dwfestival2023\/wp-content\/uploads\/2019\/07\/39149.jpg","articleSection":["Not\u00edcias"],"inLanguage":"pt-BR","potentialAction":[{"@type":"CommentAction","name":"Comment","target":["https:\/\/historia.dwsemanadedesign.com.br\/dwfestival2023\/america-latina-e-tema-de-feira-de-design-colecionavel-evento-ancora-do-dw\/#respond"]}]},{"@type":"WebPage","@id":"https:\/\/historia.dwsemanadedesign.com.br\/dwfestival2023\/america-latina-e-tema-de-feira-de-design-colecionavel-evento-ancora-do-dw\/","url":"https:\/\/historia.dwsemanadedesign.com.br\/dwfestival2023\/america-latina-e-tema-de-feira-de-design-colecionavel-evento-ancora-do-dw\/","name":"Am\u00e9rica Latina \u00e9 tema de feira de design colecion\u00e1vel, evento \u00e2ncora do DW! - DW!","isPartOf":{"@id":"https:\/\/historia.dwsemanadedesign.com.br\/dwfestival2023\/#website"},"primaryImageOfPage":{"@id":"https:\/\/historia.dwsemanadedesign.com.br\/dwfestival2023\/america-latina-e-tema-de-feira-de-design-colecionavel-evento-ancora-do-dw\/#primaryimage"},"image":{"@id":"https:\/\/historia.dwsemanadedesign.com.br\/dwfestival2023\/america-latina-e-tema-de-feira-de-design-colecionavel-evento-ancora-do-dw\/#primaryimage"},"thumbnailUrl":"https:\/\/historia.dwsemanadedesign.com.br\/dwfestival2023\/wp-content\/uploads\/2019\/07\/39149.jpg","datePublished":"2019-07-18T02:34:00+00:00","dateModified":"2020-07-22T22:02:19+00:00","breadcrumb":{"@id":"https:\/\/historia.dwsemanadedesign.com.br\/dwfestival2023\/america-latina-e-tema-de-feira-de-design-colecionavel-evento-ancora-do-dw\/#breadcrumb"},"inLanguage":"pt-BR","potentialAction":[{"@type":"ReadAction","target":["https:\/\/historia.dwsemanadedesign.com.br\/dwfestival2023\/america-latina-e-tema-de-feira-de-design-colecionavel-evento-ancora-do-dw\/"]}]},{"@type":"ImageObject","inLanguage":"pt-BR","@id":"https:\/\/historia.dwsemanadedesign.com.br\/dwfestival2023\/america-latina-e-tema-de-feira-de-design-colecionavel-evento-ancora-do-dw\/#primaryimage","url":"https:\/\/historia.dwsemanadedesign.com.br\/dwfestival2023\/wp-content\/uploads\/2019\/07\/39149.jpg","contentUrl":"https:\/\/historia.dwsemanadedesign.com.br\/dwfestival2023\/wp-content\/uploads\/2019\/07\/39149.jpg","width":1190,"height":810},{"@type":"BreadcrumbList","@id":"https:\/\/historia.dwsemanadedesign.com.br\/dwfestival2023\/america-latina-e-tema-de-feira-de-design-colecionavel-evento-ancora-do-dw\/#breadcrumb","itemListElement":[{"@type":"ListItem","position":1,"name":"In\u00edcio","item":"https:\/\/historia.dwsemanadedesign.com.br\/dwfestival2023\/"},{"@type":"ListItem","position":2,"name":"Am\u00e9rica Latina \u00e9 tema de feira de design colecion\u00e1vel, evento \u00e2ncora do DW!"}]},{"@type":"WebSite","@id":"https:\/\/historia.dwsemanadedesign.com.br\/dwfestival2023\/#website","url":"https:\/\/historia.dwsemanadedesign.com.br\/dwfestival2023\/","name":"DW!","description":"S\u00e3o Paulo Design Weekend","publisher":{"@id":"https:\/\/historia.dwsemanadedesign.com.br\/dwfestival2023\/#organization"},"potentialAction":[{"@type":"SearchAction","target":{"@type":"EntryPoint","urlTemplate":"https:\/\/historia.dwsemanadedesign.com.br\/dwfestival2023\/?s={search_term_string}"},"query-input":"required name=search_term_string"}],"inLanguage":"pt-BR"},{"@type":"Organization","@id":"https:\/\/historia.dwsemanadedesign.com.br\/dwfestival2023\/#organization","name":"DW!","url":"https:\/\/historia.dwsemanadedesign.com.br\/dwfestival2023\/","logo":{"@type":"ImageObject","inLanguage":"pt-BR","@id":"https:\/\/historia.dwsemanadedesign.com.br\/dwfestival2023\/#\/schema\/logo\/image\/","url":"https:\/\/historia.dwsemanadedesign.com.br\/dwfestival2023\/wp-content\/uploads\/2020\/07\/logodw2023-roxo-2.png","contentUrl":"https:\/\/historia.dwsemanadedesign.com.br\/dwfestival2023\/wp-content\/uploads\/2020\/07\/logodw2023-roxo-2.png","width":370,"height":164,"caption":"DW!"},"image":{"@id":"https:\/\/historia.dwsemanadedesign.com.br\/dwfestival2023\/#\/schema\/logo\/image\/"}},{"@type":"Person","@id":"https:\/\/historia.dwsemanadedesign.com.br\/dwfestival2023\/#\/schema\/person\/98a55f5fc3f76fd82548ca2bf9d64d52","name":"refstecnologia","image":{"@type":"ImageObject","inLanguage":"pt-BR","@id":"https:\/\/historia.dwsemanadedesign.com.br\/dwfestival2023\/#\/schema\/person\/image\/","url":"https:\/\/secure.gravatar.com\/avatar\/402f99f4719d5f3bbec64d97c26de598?s=96&d=mm&r=g","contentUrl":"https:\/\/secure.gravatar.com\/avatar\/402f99f4719d5f3bbec64d97c26de598?s=96&d=mm&r=g","caption":"refstecnologia"},"sameAs":["http:\/\/localhost\/dw"],"url":"https:\/\/historia.dwsemanadedesign.com.br\/dwfestival2023\/author\/refstecnologia\/"}]}},"_links":{"self":[{"href":"https:\/\/historia.dwsemanadedesign.com.br\/dwfestival2023\/wp-json\/wp\/v2\/posts\/217"}],"collection":[{"href":"https:\/\/historia.dwsemanadedesign.com.br\/dwfestival2023\/wp-json\/wp\/v2\/posts"}],"about":[{"href":"https:\/\/historia.dwsemanadedesign.com.br\/dwfestival2023\/wp-json\/wp\/v2\/types\/post"}],"author":[{"embeddable":true,"href":"https:\/\/historia.dwsemanadedesign.com.br\/dwfestival2023\/wp-json\/wp\/v2\/users\/1"}],"replies":[{"embeddable":true,"href":"https:\/\/historia.dwsemanadedesign.com.br\/dwfestival2023\/wp-json\/wp\/v2\/comments?post=217"}],"version-history":[{"count":0,"href":"https:\/\/historia.dwsemanadedesign.com.br\/dwfestival2023\/wp-json\/wp\/v2\/posts\/217\/revisions"}],"wp:featuredmedia":[{"embeddable":true,"href":"https:\/\/historia.dwsemanadedesign.com.br\/dwfestival2023\/wp-json\/wp\/v2\/media\/502"}],"wp:attachment":[{"href":"https:\/\/historia.dwsemanadedesign.com.br\/dwfestival2023\/wp-json\/wp\/v2\/media?parent=217"}],"wp:term":[{"taxonomy":"category","embeddable":true,"href":"https:\/\/historia.dwsemanadedesign.com.br\/dwfestival2023\/wp-json\/wp\/v2\/categories?post=217"},{"taxonomy":"post_tag","embeddable":true,"href":"https:\/\/historia.dwsemanadedesign.com.br\/dwfestival2023\/wp-json\/wp\/v2\/tags?post=217"}],"curies":[{"name":"wp","href":"https:\/\/api.w.org\/{rel}","templated":true}]}}