{"id":218,"date":"2019-07-22T09:21:00","date_gmt":"2019-07-22T09:21:00","guid":{"rendered":""},"modified":"2020-07-22T19:02:18","modified_gmt":"2020-07-22T22:02:18","slug":"criacao-do-universo-e-tema-de-mostra-de-arte-que-acontece-durante-o-dw-2019","status":"publish","type":"post","link":"https:\/\/historia.dwsemanadedesign.com.br\/dwfestival2023\/criacao-do-universo-e-tema-de-mostra-de-arte-que-acontece-durante-o-dw-2019\/","title":{"rendered":"Cria\u00e7\u00e3o do universo \u00e9 tema de mostra de arte que acontece durante o DW! 2019"},"content":{"rendered":"<p>Para a oitava edi&ccedil;&atilde;o do Design Weekend, a <strong>Estar M&oacute;veis<\/strong> apresenta a mostra de arte <strong><em>&agrave;s vezes me sinto t&atilde;o pequeno<\/em><\/strong>, um pensamento sobre a nossa rela&ccedil;&atilde;o com o Cosmos, os universos, particulares e externos, desde o micro ao macro, de nossas part&iacute;culas subat&ocirc;micas &agrave; imensid&atilde;o e beleza do infinito.<\/p>\n<p>Tema apaixonante que nos conecta, a cria&ccedil;&atilde;o do Universo sugere a busca incessante pela compreens&atilde;o da vida e reflex&otilde;es por fil&oacute;sofos, te&oacute;logos, cientistas, astr&ocirc;nomos, astronautas e em n&oacute;s, simples seres humanos habitantes deste planeta Terra, nossa casa, nosso lar.<\/p>\n<p>Ap&oacute;s intensa pesquisa e processo criativo, que se materializam em puro design e arte, a marca prop&otilde;e uma viagem explorat&oacute;ria ao desconhecido, com questionamentos existenciais e metaf&iacute;sicos sobre a realidade, o espa&ccedil;o, o tempo e a escala. A proposta provocativa sugere a expans&atilde;o da consci&ecirc;ncia para uma nova perspectiva do mundo e como nos relacionamos com n&oacute;s pr&oacute;prios, com as pessoas e com o universo.<\/p>\n<p>Com licen&ccedil;a po&eacute;tica, a mostra interativa e sensorial exibe os trabalhos de artistas e designers inspirados pelos planetas, estrelas, planos gal&aacute;cticos e c&oacute;smicos. Com curadoria de Felipe Morozini, participam Artur Lescher, Gabriela Garcia, Liliane Porter, Motta &amp; Lima, Nazareno, Regina Silveira, Rochelle Costi, Zanini de Zanine e Zieta.<\/p>\n<p><em>O DW! 2019 acontece de <strong>18 a 25 de agosto de 2019<\/strong> em mais de 120 endere&ccedil;os da capital paulista e a programa&ccedil;&atilde;o completa ser&aacute; divulgada em breve. Enquanto o evento n&atilde;o chega, ficamos com a reflex&atilde;o de Felipe Moronzoni acerca do tema da mostra.&nbsp;<\/em><\/p>\n<h4><strong><em>&Agrave;s vezes me sinto t&atilde;o pequeno<\/em><\/strong><\/h4>\n<p><em>Quando iniciamos a pesquisa para o DW 2019, nossa primeira quest&atilde;o era essa sensa&ccedil;&atilde;o que todo mundo tem de se sentir pequeno em determinadas situa&ccedil;&otilde;es da vida.&nbsp;<\/em><em>E tudo bem sentir-se pequeno.&nbsp;<\/em><em>Somos mesmo.<\/em><\/p>\n<p><em>Nosso primeiro passo foi rumo ao desconhecido do cosmos, dos nossos sistemas solares, dos outros sistemas, dos outros planetas, de outras possibilidades de vida, para entender a escala e o tempo.<\/em><\/p>\n<p><em>Visualizamos nessa escala a possibilidade de tornar-nos propositalmente pequenos.&nbsp;<\/em><em>Pois bem, meses se passaram. De profunda pesquisa, de conhecimento e de epifanias.&nbsp;<\/em><em>Cruzamos o caminho de f&iacute;sicos, astronautas, astr&oacute;logos, para depois conectar-nos com artistas, artes&atilde;os e designers que dialogassem com nossas quest&otilde;es.&nbsp;<\/em><\/p>\n<p><em>Escolhemos tamb&eacute;m trabalhar com artistas porque eles nos ajudam a enxergar as coisas de outra maneira, em certas situa&ccedil;&otilde;es da vida, e neste lugar, talvez, encontremos algumas respostas. E com certeza mais perguntas. E &eacute; sobre isso. Sobre o caminho. O caminho &eacute; importante.<\/em><\/p>\n<p><em>Quando digo nossas quest&otilde;es s&atilde;o porque &eacute; um assunto que temos em comum. De onde viemos e para onde vamos. O espa&ccedil;o &eacute; infinito? Existe vida fora de nosso planeta? Faremos contato? &Eacute; poss&iacute;vel viver em Marte? Qual o nosso tamanho dentro disso tudo. Qual nossa import&acirc;ncia?<\/em><\/p>\n<p><em>Estamos tentando encaixar as pe&ccedil;as desse grande quebra-cabe&ccedil;a.<\/em><\/p>\n<p><em>Como seria se n&atilde;o tivessem fronteiras na Terra. E se todos pud&eacute;ssemos, assim como os astronautas fazem, atravessar qualquer pa&iacute;s sem pedir permiss&atilde;o, como se nossa casa fosse o planeta todo.&nbsp;<\/em><\/p>\n<p><em>O futuro &eacute; feito no agora.<\/em><\/p>\n<p><em>No poder de transforma&ccedil;&atilde;o atrav&eacute;s de a&ccedil;&otilde;es coletivas. Sonhar junto. Fazer junto.<\/em><\/p>\n<p><em>Trazer a mem&oacute;ria. Mas aquela mem&oacute;ria ancestral. Que est&aacute; no DNA.<\/em><\/p>\n<p><em>Vamos cuidar do planeta. Mas acima de tudo, cuidar da gente.<\/em><\/p>\n<p><em>Porque n&oacute;s somos o pr&oacute;prio universo.&nbsp;<\/em><\/p>\n","protected":false},"excerpt":{"rendered":"<p>Para a oitava edi&ccedil;&atilde;o do Design Weekend, a Estar M&oacute;veis apresenta a mostra de arte &agrave;s vezes me sinto t&atilde;o pequeno, um pensamento sobre a nossa rela&ccedil;&atilde;o com o Cosmos, os universos, particulares e externos, desde o micro ao macro, de nossas part&iacute;culas subat&ocirc;micas &agrave; imensid&atilde;o e beleza do infinito. Tema apaixonante que nos conecta, [&hellip;]<\/p>\n","protected":false},"author":1,"featured_media":501,"comment_status":"open","ping_status":"open","sticky":false,"template":"","format":"standard","meta":{"footnotes":""},"categories":[4],"tags":[],"yoast_head":"<!-- This site is optimized with the Yoast SEO plugin v22.6 - https:\/\/yoast.com\/wordpress\/plugins\/seo\/ -->\n<title>Cria\u00e7\u00e3o do universo \u00e9 tema de mostra de arte que acontece durante o DW! 2019 - DW!<\/title>\n<meta name=\"robots\" content=\"index, follow, max-snippet:-1, max-image-preview:large, max-video-preview:-1\" \/>\n<link rel=\"canonical\" href=\"https:\/\/historia.dwsemanadedesign.com.br\/dwfestival2023\/criacao-do-universo-e-tema-de-mostra-de-arte-que-acontece-durante-o-dw-2019\/\" \/>\n<meta property=\"og:locale\" content=\"pt_BR\" \/>\n<meta property=\"og:type\" content=\"article\" \/>\n<meta property=\"og:title\" content=\"Cria\u00e7\u00e3o do universo \u00e9 tema de mostra de arte que acontece durante o DW! 2019 - DW!\" \/>\n<meta property=\"og:description\" content=\"Para a oitava edi&ccedil;&atilde;o do Design Weekend, a Estar M&oacute;veis apresenta a mostra de arte &agrave;s vezes me sinto t&atilde;o pequeno, um pensamento sobre a nossa rela&ccedil;&atilde;o com o Cosmos, os universos, particulares e externos, desde o micro ao macro, de nossas part&iacute;culas subat&ocirc;micas &agrave; imensid&atilde;o e beleza do infinito. Tema apaixonante que nos conecta, [&hellip;]\" \/>\n<meta property=\"og:url\" content=\"https:\/\/historia.dwsemanadedesign.com.br\/dwfestival2023\/criacao-do-universo-e-tema-de-mostra-de-arte-que-acontece-durante-o-dw-2019\/\" \/>\n<meta property=\"og:site_name\" content=\"DW!\" \/>\n<meta property=\"article:published_time\" content=\"2019-07-22T09:21:00+00:00\" \/>\n<meta property=\"article:modified_time\" content=\"2020-07-22T22:02:18+00:00\" \/>\n<meta property=\"og:image\" content=\"https:\/\/historia.dwsemanadedesign.com.br\/dwfestival2023\/wp-content\/uploads\/2019\/07\/39150.jpg\" \/>\n\t<meta property=\"og:image:width\" content=\"1190\" \/>\n\t<meta property=\"og:image:height\" content=\"810\" \/>\n\t<meta property=\"og:image:type\" content=\"image\/jpeg\" \/>\n<meta name=\"author\" content=\"refstecnologia\" \/>\n<meta name=\"twitter:card\" content=\"summary_large_image\" \/>\n<meta name=\"twitter:label1\" content=\"Escrito por\" \/>\n\t<meta name=\"twitter:data1\" content=\"refstecnologia\" \/>\n\t<meta name=\"twitter:label2\" content=\"Est. tempo de leitura\" \/>\n\t<meta name=\"twitter:data2\" content=\"3 minutos\" \/>\n<script type=\"application\/ld+json\" class=\"yoast-schema-graph\">{\"@context\":\"https:\/\/schema.org\",\"@graph\":[{\"@type\":\"Article\",\"@id\":\"https:\/\/historia.dwsemanadedesign.com.br\/dwfestival2023\/criacao-do-universo-e-tema-de-mostra-de-arte-que-acontece-durante-o-dw-2019\/#article\",\"isPartOf\":{\"@id\":\"https:\/\/historia.dwsemanadedesign.com.br\/dwfestival2023\/criacao-do-universo-e-tema-de-mostra-de-arte-que-acontece-durante-o-dw-2019\/\"},\"author\":{\"name\":\"refstecnologia\",\"@id\":\"https:\/\/historia.dwsemanadedesign.com.br\/dwfestival2023\/#\/schema\/person\/98a55f5fc3f76fd82548ca2bf9d64d52\"},\"headline\":\"Cria\u00e7\u00e3o do universo \u00e9 tema de mostra de arte que acontece durante o DW! 2019\",\"datePublished\":\"2019-07-22T09:21:00+00:00\",\"dateModified\":\"2020-07-22T22:02:18+00:00\",\"mainEntityOfPage\":{\"@id\":\"https:\/\/historia.dwsemanadedesign.com.br\/dwfestival2023\/criacao-do-universo-e-tema-de-mostra-de-arte-que-acontece-durante-o-dw-2019\/\"},\"wordCount\":683,\"commentCount\":0,\"publisher\":{\"@id\":\"https:\/\/historia.dwsemanadedesign.com.br\/dwfestival2023\/#organization\"},\"image\":{\"@id\":\"https:\/\/historia.dwsemanadedesign.com.br\/dwfestival2023\/criacao-do-universo-e-tema-de-mostra-de-arte-que-acontece-durante-o-dw-2019\/#primaryimage\"},\"thumbnailUrl\":\"https:\/\/historia.dwsemanadedesign.com.br\/dwfestival2023\/wp-content\/uploads\/2019\/07\/39150.jpg\",\"articleSection\":[\"Not\u00edcias\"],\"inLanguage\":\"pt-BR\",\"potentialAction\":[{\"@type\":\"CommentAction\",\"name\":\"Comment\",\"target\":[\"https:\/\/historia.dwsemanadedesign.com.br\/dwfestival2023\/criacao-do-universo-e-tema-de-mostra-de-arte-que-acontece-durante-o-dw-2019\/#respond\"]}]},{\"@type\":\"WebPage\",\"@id\":\"https:\/\/historia.dwsemanadedesign.com.br\/dwfestival2023\/criacao-do-universo-e-tema-de-mostra-de-arte-que-acontece-durante-o-dw-2019\/\",\"url\":\"https:\/\/historia.dwsemanadedesign.com.br\/dwfestival2023\/criacao-do-universo-e-tema-de-mostra-de-arte-que-acontece-durante-o-dw-2019\/\",\"name\":\"Cria\u00e7\u00e3o do universo \u00e9 tema de mostra de arte que acontece durante o DW! 2019 - DW!\",\"isPartOf\":{\"@id\":\"https:\/\/historia.dwsemanadedesign.com.br\/dwfestival2023\/#website\"},\"primaryImageOfPage\":{\"@id\":\"https:\/\/historia.dwsemanadedesign.com.br\/dwfestival2023\/criacao-do-universo-e-tema-de-mostra-de-arte-que-acontece-durante-o-dw-2019\/#primaryimage\"},\"image\":{\"@id\":\"https:\/\/historia.dwsemanadedesign.com.br\/dwfestival2023\/criacao-do-universo-e-tema-de-mostra-de-arte-que-acontece-durante-o-dw-2019\/#primaryimage\"},\"thumbnailUrl\":\"https:\/\/historia.dwsemanadedesign.com.br\/dwfestival2023\/wp-content\/uploads\/2019\/07\/39150.jpg\",\"datePublished\":\"2019-07-22T09:21:00+00:00\",\"dateModified\":\"2020-07-22T22:02:18+00:00\",\"breadcrumb\":{\"@id\":\"https:\/\/historia.dwsemanadedesign.com.br\/dwfestival2023\/criacao-do-universo-e-tema-de-mostra-de-arte-que-acontece-durante-o-dw-2019\/#breadcrumb\"},\"inLanguage\":\"pt-BR\",\"potentialAction\":[{\"@type\":\"ReadAction\",\"target\":[\"https:\/\/historia.dwsemanadedesign.com.br\/dwfestival2023\/criacao-do-universo-e-tema-de-mostra-de-arte-que-acontece-durante-o-dw-2019\/\"]}]},{\"@type\":\"ImageObject\",\"inLanguage\":\"pt-BR\",\"@id\":\"https:\/\/historia.dwsemanadedesign.com.br\/dwfestival2023\/criacao-do-universo-e-tema-de-mostra-de-arte-que-acontece-durante-o-dw-2019\/#primaryimage\",\"url\":\"https:\/\/historia.dwsemanadedesign.com.br\/dwfestival2023\/wp-content\/uploads\/2019\/07\/39150.jpg\",\"contentUrl\":\"https:\/\/historia.dwsemanadedesign.com.br\/dwfestival2023\/wp-content\/uploads\/2019\/07\/39150.jpg\",\"width\":1190,\"height\":810},{\"@type\":\"BreadcrumbList\",\"@id\":\"https:\/\/historia.dwsemanadedesign.com.br\/dwfestival2023\/criacao-do-universo-e-tema-de-mostra-de-arte-que-acontece-durante-o-dw-2019\/#breadcrumb\",\"itemListElement\":[{\"@type\":\"ListItem\",\"position\":1,\"name\":\"In\u00edcio\",\"item\":\"https:\/\/historia.dwsemanadedesign.com.br\/dwfestival2023\/\"},{\"@type\":\"ListItem\",\"position\":2,\"name\":\"Cria\u00e7\u00e3o do universo \u00e9 tema de mostra de arte que acontece durante o DW! 2019\"}]},{\"@type\":\"WebSite\",\"@id\":\"https:\/\/historia.dwsemanadedesign.com.br\/dwfestival2023\/#website\",\"url\":\"https:\/\/historia.dwsemanadedesign.com.br\/dwfestival2023\/\",\"name\":\"DW!\",\"description\":\"S\u00e3o Paulo Design Weekend\",\"publisher\":{\"@id\":\"https:\/\/historia.dwsemanadedesign.com.br\/dwfestival2023\/#organization\"},\"potentialAction\":[{\"@type\":\"SearchAction\",\"target\":{\"@type\":\"EntryPoint\",\"urlTemplate\":\"https:\/\/historia.dwsemanadedesign.com.br\/dwfestival2023\/?s={search_term_string}\"},\"query-input\":\"required name=search_term_string\"}],\"inLanguage\":\"pt-BR\"},{\"@type\":\"Organization\",\"@id\":\"https:\/\/historia.dwsemanadedesign.com.br\/dwfestival2023\/#organization\",\"name\":\"DW!\",\"url\":\"https:\/\/historia.dwsemanadedesign.com.br\/dwfestival2023\/\",\"logo\":{\"@type\":\"ImageObject\",\"inLanguage\":\"pt-BR\",\"@id\":\"https:\/\/historia.dwsemanadedesign.com.br\/dwfestival2023\/#\/schema\/logo\/image\/\",\"url\":\"https:\/\/historia.dwsemanadedesign.com.br\/dwfestival2023\/wp-content\/uploads\/2020\/07\/logodw2023-roxo-2.png\",\"contentUrl\":\"https:\/\/historia.dwsemanadedesign.com.br\/dwfestival2023\/wp-content\/uploads\/2020\/07\/logodw2023-roxo-2.png\",\"width\":370,\"height\":164,\"caption\":\"DW!\"},\"image\":{\"@id\":\"https:\/\/historia.dwsemanadedesign.com.br\/dwfestival2023\/#\/schema\/logo\/image\/\"}},{\"@type\":\"Person\",\"@id\":\"https:\/\/historia.dwsemanadedesign.com.br\/dwfestival2023\/#\/schema\/person\/98a55f5fc3f76fd82548ca2bf9d64d52\",\"name\":\"refstecnologia\",\"image\":{\"@type\":\"ImageObject\",\"inLanguage\":\"pt-BR\",\"@id\":\"https:\/\/historia.dwsemanadedesign.com.br\/dwfestival2023\/#\/schema\/person\/image\/\",\"url\":\"https:\/\/secure.gravatar.com\/avatar\/402f99f4719d5f3bbec64d97c26de598?s=96&d=mm&r=g\",\"contentUrl\":\"https:\/\/secure.gravatar.com\/avatar\/402f99f4719d5f3bbec64d97c26de598?s=96&d=mm&r=g\",\"caption\":\"refstecnologia\"},\"sameAs\":[\"http:\/\/localhost\/dw\"],\"url\":\"https:\/\/historia.dwsemanadedesign.com.br\/dwfestival2023\/author\/refstecnologia\/\"}]}<\/script>\n<!-- \/ Yoast SEO plugin. -->","yoast_head_json":{"title":"Cria\u00e7\u00e3o do universo \u00e9 tema de mostra de arte que acontece durante o DW! 2019 - DW!","robots":{"index":"index","follow":"follow","max-snippet":"max-snippet:-1","max-image-preview":"max-image-preview:large","max-video-preview":"max-video-preview:-1"},"canonical":"https:\/\/historia.dwsemanadedesign.com.br\/dwfestival2023\/criacao-do-universo-e-tema-de-mostra-de-arte-que-acontece-durante-o-dw-2019\/","og_locale":"pt_BR","og_type":"article","og_title":"Cria\u00e7\u00e3o do universo \u00e9 tema de mostra de arte que acontece durante o DW! 2019 - DW!","og_description":"Para a oitava edi&ccedil;&atilde;o do Design Weekend, a Estar M&oacute;veis apresenta a mostra de arte &agrave;s vezes me sinto t&atilde;o pequeno, um pensamento sobre a nossa rela&ccedil;&atilde;o com o Cosmos, os universos, particulares e externos, desde o micro ao macro, de nossas part&iacute;culas subat&ocirc;micas &agrave; imensid&atilde;o e beleza do infinito. Tema apaixonante que nos conecta, [&hellip;]","og_url":"https:\/\/historia.dwsemanadedesign.com.br\/dwfestival2023\/criacao-do-universo-e-tema-de-mostra-de-arte-que-acontece-durante-o-dw-2019\/","og_site_name":"DW!","article_published_time":"2019-07-22T09:21:00+00:00","article_modified_time":"2020-07-22T22:02:18+00:00","og_image":[{"width":1190,"height":810,"url":"https:\/\/historia.dwsemanadedesign.com.br\/dwfestival2023\/wp-content\/uploads\/2019\/07\/39150.jpg","type":"image\/jpeg"}],"author":"refstecnologia","twitter_card":"summary_large_image","twitter_misc":{"Escrito por":"refstecnologia","Est. tempo de leitura":"3 minutos"},"schema":{"@context":"https:\/\/schema.org","@graph":[{"@type":"Article","@id":"https:\/\/historia.dwsemanadedesign.com.br\/dwfestival2023\/criacao-do-universo-e-tema-de-mostra-de-arte-que-acontece-durante-o-dw-2019\/#article","isPartOf":{"@id":"https:\/\/historia.dwsemanadedesign.com.br\/dwfestival2023\/criacao-do-universo-e-tema-de-mostra-de-arte-que-acontece-durante-o-dw-2019\/"},"author":{"name":"refstecnologia","@id":"https:\/\/historia.dwsemanadedesign.com.br\/dwfestival2023\/#\/schema\/person\/98a55f5fc3f76fd82548ca2bf9d64d52"},"headline":"Cria\u00e7\u00e3o do universo \u00e9 tema de mostra de arte que acontece durante o DW! 2019","datePublished":"2019-07-22T09:21:00+00:00","dateModified":"2020-07-22T22:02:18+00:00","mainEntityOfPage":{"@id":"https:\/\/historia.dwsemanadedesign.com.br\/dwfestival2023\/criacao-do-universo-e-tema-de-mostra-de-arte-que-acontece-durante-o-dw-2019\/"},"wordCount":683,"commentCount":0,"publisher":{"@id":"https:\/\/historia.dwsemanadedesign.com.br\/dwfestival2023\/#organization"},"image":{"@id":"https:\/\/historia.dwsemanadedesign.com.br\/dwfestival2023\/criacao-do-universo-e-tema-de-mostra-de-arte-que-acontece-durante-o-dw-2019\/#primaryimage"},"thumbnailUrl":"https:\/\/historia.dwsemanadedesign.com.br\/dwfestival2023\/wp-content\/uploads\/2019\/07\/39150.jpg","articleSection":["Not\u00edcias"],"inLanguage":"pt-BR","potentialAction":[{"@type":"CommentAction","name":"Comment","target":["https:\/\/historia.dwsemanadedesign.com.br\/dwfestival2023\/criacao-do-universo-e-tema-de-mostra-de-arte-que-acontece-durante-o-dw-2019\/#respond"]}]},{"@type":"WebPage","@id":"https:\/\/historia.dwsemanadedesign.com.br\/dwfestival2023\/criacao-do-universo-e-tema-de-mostra-de-arte-que-acontece-durante-o-dw-2019\/","url":"https:\/\/historia.dwsemanadedesign.com.br\/dwfestival2023\/criacao-do-universo-e-tema-de-mostra-de-arte-que-acontece-durante-o-dw-2019\/","name":"Cria\u00e7\u00e3o do universo \u00e9 tema de mostra de arte que acontece durante o DW! 2019 - DW!","isPartOf":{"@id":"https:\/\/historia.dwsemanadedesign.com.br\/dwfestival2023\/#website"},"primaryImageOfPage":{"@id":"https:\/\/historia.dwsemanadedesign.com.br\/dwfestival2023\/criacao-do-universo-e-tema-de-mostra-de-arte-que-acontece-durante-o-dw-2019\/#primaryimage"},"image":{"@id":"https:\/\/historia.dwsemanadedesign.com.br\/dwfestival2023\/criacao-do-universo-e-tema-de-mostra-de-arte-que-acontece-durante-o-dw-2019\/#primaryimage"},"thumbnailUrl":"https:\/\/historia.dwsemanadedesign.com.br\/dwfestival2023\/wp-content\/uploads\/2019\/07\/39150.jpg","datePublished":"2019-07-22T09:21:00+00:00","dateModified":"2020-07-22T22:02:18+00:00","breadcrumb":{"@id":"https:\/\/historia.dwsemanadedesign.com.br\/dwfestival2023\/criacao-do-universo-e-tema-de-mostra-de-arte-que-acontece-durante-o-dw-2019\/#breadcrumb"},"inLanguage":"pt-BR","potentialAction":[{"@type":"ReadAction","target":["https:\/\/historia.dwsemanadedesign.com.br\/dwfestival2023\/criacao-do-universo-e-tema-de-mostra-de-arte-que-acontece-durante-o-dw-2019\/"]}]},{"@type":"ImageObject","inLanguage":"pt-BR","@id":"https:\/\/historia.dwsemanadedesign.com.br\/dwfestival2023\/criacao-do-universo-e-tema-de-mostra-de-arte-que-acontece-durante-o-dw-2019\/#primaryimage","url":"https:\/\/historia.dwsemanadedesign.com.br\/dwfestival2023\/wp-content\/uploads\/2019\/07\/39150.jpg","contentUrl":"https:\/\/historia.dwsemanadedesign.com.br\/dwfestival2023\/wp-content\/uploads\/2019\/07\/39150.jpg","width":1190,"height":810},{"@type":"BreadcrumbList","@id":"https:\/\/historia.dwsemanadedesign.com.br\/dwfestival2023\/criacao-do-universo-e-tema-de-mostra-de-arte-que-acontece-durante-o-dw-2019\/#breadcrumb","itemListElement":[{"@type":"ListItem","position":1,"name":"In\u00edcio","item":"https:\/\/historia.dwsemanadedesign.com.br\/dwfestival2023\/"},{"@type":"ListItem","position":2,"name":"Cria\u00e7\u00e3o do universo \u00e9 tema de mostra de arte que acontece durante o DW! 2019"}]},{"@type":"WebSite","@id":"https:\/\/historia.dwsemanadedesign.com.br\/dwfestival2023\/#website","url":"https:\/\/historia.dwsemanadedesign.com.br\/dwfestival2023\/","name":"DW!","description":"S\u00e3o Paulo Design Weekend","publisher":{"@id":"https:\/\/historia.dwsemanadedesign.com.br\/dwfestival2023\/#organization"},"potentialAction":[{"@type":"SearchAction","target":{"@type":"EntryPoint","urlTemplate":"https:\/\/historia.dwsemanadedesign.com.br\/dwfestival2023\/?s={search_term_string}"},"query-input":"required name=search_term_string"}],"inLanguage":"pt-BR"},{"@type":"Organization","@id":"https:\/\/historia.dwsemanadedesign.com.br\/dwfestival2023\/#organization","name":"DW!","url":"https:\/\/historia.dwsemanadedesign.com.br\/dwfestival2023\/","logo":{"@type":"ImageObject","inLanguage":"pt-BR","@id":"https:\/\/historia.dwsemanadedesign.com.br\/dwfestival2023\/#\/schema\/logo\/image\/","url":"https:\/\/historia.dwsemanadedesign.com.br\/dwfestival2023\/wp-content\/uploads\/2020\/07\/logodw2023-roxo-2.png","contentUrl":"https:\/\/historia.dwsemanadedesign.com.br\/dwfestival2023\/wp-content\/uploads\/2020\/07\/logodw2023-roxo-2.png","width":370,"height":164,"caption":"DW!"},"image":{"@id":"https:\/\/historia.dwsemanadedesign.com.br\/dwfestival2023\/#\/schema\/logo\/image\/"}},{"@type":"Person","@id":"https:\/\/historia.dwsemanadedesign.com.br\/dwfestival2023\/#\/schema\/person\/98a55f5fc3f76fd82548ca2bf9d64d52","name":"refstecnologia","image":{"@type":"ImageObject","inLanguage":"pt-BR","@id":"https:\/\/historia.dwsemanadedesign.com.br\/dwfestival2023\/#\/schema\/person\/image\/","url":"https:\/\/secure.gravatar.com\/avatar\/402f99f4719d5f3bbec64d97c26de598?s=96&d=mm&r=g","contentUrl":"https:\/\/secure.gravatar.com\/avatar\/402f99f4719d5f3bbec64d97c26de598?s=96&d=mm&r=g","caption":"refstecnologia"},"sameAs":["http:\/\/localhost\/dw"],"url":"https:\/\/historia.dwsemanadedesign.com.br\/dwfestival2023\/author\/refstecnologia\/"}]}},"_links":{"self":[{"href":"https:\/\/historia.dwsemanadedesign.com.br\/dwfestival2023\/wp-json\/wp\/v2\/posts\/218"}],"collection":[{"href":"https:\/\/historia.dwsemanadedesign.com.br\/dwfestival2023\/wp-json\/wp\/v2\/posts"}],"about":[{"href":"https:\/\/historia.dwsemanadedesign.com.br\/dwfestival2023\/wp-json\/wp\/v2\/types\/post"}],"author":[{"embeddable":true,"href":"https:\/\/historia.dwsemanadedesign.com.br\/dwfestival2023\/wp-json\/wp\/v2\/users\/1"}],"replies":[{"embeddable":true,"href":"https:\/\/historia.dwsemanadedesign.com.br\/dwfestival2023\/wp-json\/wp\/v2\/comments?post=218"}],"version-history":[{"count":0,"href":"https:\/\/historia.dwsemanadedesign.com.br\/dwfestival2023\/wp-json\/wp\/v2\/posts\/218\/revisions"}],"wp:featuredmedia":[{"embeddable":true,"href":"https:\/\/historia.dwsemanadedesign.com.br\/dwfestival2023\/wp-json\/wp\/v2\/media\/501"}],"wp:attachment":[{"href":"https:\/\/historia.dwsemanadedesign.com.br\/dwfestival2023\/wp-json\/wp\/v2\/media?parent=218"}],"wp:term":[{"taxonomy":"category","embeddable":true,"href":"https:\/\/historia.dwsemanadedesign.com.br\/dwfestival2023\/wp-json\/wp\/v2\/categories?post=218"},{"taxonomy":"post_tag","embeddable":true,"href":"https:\/\/historia.dwsemanadedesign.com.br\/dwfestival2023\/wp-json\/wp\/v2\/tags?post=218"}],"curies":[{"name":"wp","href":"https:\/\/api.w.org\/{rel}","templated":true}]}}