{"id":227,"date":"2019-07-31T05:34:00","date_gmt":"2019-07-31T05:34:00","guid":{"rendered":""},"modified":"2020-07-22T19:02:09","modified_gmt":"2020-07-22T22:02:09","slug":"designers-estudantes-de-milao-traduzem-o-que-e-o-brasil-atraves-do-textil","status":"publish","type":"post","link":"https:\/\/historia.dwsemanadedesign.com.br\/dwfestival2023\/designers-estudantes-de-milao-traduzem-o-que-e-o-brasil-atraves-do-textil\/","title":{"rendered":"ESTUDANTES DE DESIGN DE MIL\u00c3O TRADUZEM O QUE \u00c9 O BRASIL ATRAV\u00c9S DO T\u00caXTIL"},"content":{"rendered":"<p>A <strong>By Kamy<\/strong> apresenta para o <strong>DW!<\/strong>, a exposi&ccedil;&atilde;o coletiva <em>Insieme (Juntos)<\/em>, termo em italiano que remete a principal ideia da mostra: unir artistas do mundo inteiro, formados e estudantes do <em>Polit&eacute;cnico de Mil&atilde;o,<\/em> refer&ecirc;ncia mundial na forma&ccedil;&atilde;o de designers, arquitetos e engenheiros, para traduzirem o Brasil, e assim, conectar v&aacute;rios pa&iacute;ses por meio das pe&ccedil;as de tapetes que remetam &agrave;s diferentes culturas, ao mesmo tempo, unindo-as.<\/p>\n<p>A marca que levou um ano desenvolvendo a exposi&ccedil;&atilde;o, instigou o interesse da <em>Escola Polit&eacute;cnica de Mil&atilde;o<\/em> em fomentar o design brasileiro visto atrav&eacute;s das percep&ccedil;&otilde;es de artistas do mundo inteiro. O resultado foi uma<em> joint venture<\/em> que reuniu duas mentes criativas que curam a exposi&ccedil;&atilde;o: a diretora e designer da marca <em>Francesca Alzati<\/em> e o experiente professor <strong>Arturo Dell&#8217;Acqua Bellavits<\/strong> &ndash; formado em arquitetura, e um dos fundadores do col&eacute;gio Polit&eacute;cnico de Design e do curso de PhD em Design de Interiores.<br \/>A exposi&ccedil;&atilde;o promove um novo olhar sobre o Brasil, reinterpretado sob a &oacute;tica de v&aacute;rias culturas como: Paquist&atilde;o, China, &Iacute;ndia, Nepal e It&aacute;lia, extrapolando o conceito de conectividade. A ideia &eacute; valorizar os principais tra&ccedil;os locais e suas ra&iacute;zes, celebrando a diversidade e a pluralidade do design mundial, e fomentar a quest&atilde;o: Como o mundo enxerga o Brasil? O resultado, s&atilde;o pe&ccedil;as diversas, que representam o lifestyle brasileiro de forma inusitada.<\/p>\n<p><img decoding=\"async\" loading=\"lazy\" alt=\"\" height=\"761\" src=\"https:\/\/historia.dwsemanadedesign.com.br\/dwfestival2023\/Content\/Uploads\/Images\/\/ByKamy_topoblog (2).jpg\" width=\"753\" \/><\/p>\n<p>Mais de 300 alunos foram convidados por<strong> Dell&#8217;Acqua<\/strong> para mostrar a brasilidade e como ela &eacute; globalmente por meio desses projetos. A partir da vasta experi&ecirc;ncia que adquiriu lecionando, o professor orientou e guiou os artistas para desenvolverem obras revolucion&aacute;rias, que carregam a filosofia <strong>By Kamy<\/strong>: ser multiplural e despertar a criatividade em diversos n&iacute;veis. Ao todo, 15 tape&ccedil;arias &#8211; incluindo uma de <strong>Dell&#8217;acqua<\/strong> &#8211; foram selecionadas para a exibi&ccedil;&atilde;o.<\/p>\n<p>&#8220;<strong><em>Estou muito feliz e orgulhosa de poder trazer uma exposi&ccedil;&atilde;o t&atilde;o importante como essa para o Brasil. Esse projeto est&aacute; 100% alinhado &agrave; nossa filosofia que trata de arte e design em um universo plural, numa By Kamy sem fronteiras, sendo o primeiro projeto internacional de estilo brasileiro de design, que respeita as diferentes concep&ccedil;&otilde;es de mundo e valoriza distintos costumes e personalidades.&#8221;<\/em><\/strong>, explica a empres&aacute;ria e curadora da exposi&ccedil;&atilde;o Francesca Alzati, designer e diretora da By Kamy.<\/p>\n<\/p>\n<p>O <strong>DW!<\/strong> Semana de Design de S&atilde;o Paulo acontece de 18 a 25 de agosto de 2019 em mais de 120 endere&ccedil;os da capital paulista. A programa&ccedil;&atilde;o completa ser&aacute; divulgada em agosto. Acompanhe as not&iacute;cias e novidades tamb&eacute;m pelo Instagram <strong>@designweekendsp<\/strong> ou <a href=\"https:\/\/historia.dwsemanadedesign.com.br\/dwfestival2023\/participe\">clique aqui<\/a> e cadastre-se como visitante para receber nosso boletim em seu e-mail.<\/p>\n<p><strong>Programa&ccedil;&atilde;o:<\/strong>&nbsp;<\/p>\n<p><strong>Talk<\/strong> &#8211; Com o Professor Arturo Dell&#8217;Aqua<br \/>O professor vai receber o visitantes da exposi&ccedil;&atilde;o e contar um pouco sobre como foi desenvolver o projeto junto da by Kamy e com os estudantes;<br \/><strong>segunda-feira, 19\/08\/2019 &agrave;s 14h<\/strong><br \/>gratuito<\/p>\n","protected":false},"excerpt":{"rendered":"<p>A By Kamy apresenta para o DW!, a exposi&ccedil;&atilde;o coletiva Insieme (Juntos), termo em italiano que remete a principal ideia da mostra: unir artistas do mundo inteiro, formados e estudantes do Polit&eacute;cnico de Mil&atilde;o, refer&ecirc;ncia mundial na forma&ccedil;&atilde;o de designers, arquitetos e engenheiros, para traduzirem o Brasil, e assim, conectar v&aacute;rios pa&iacute;ses por meio das [&hellip;]<\/p>\n","protected":false},"author":1,"featured_media":495,"comment_status":"open","ping_status":"open","sticky":false,"template":"","format":"standard","meta":{"footnotes":""},"categories":[4],"tags":[],"yoast_head":"<!-- This site is optimized with the Yoast SEO plugin v22.6 - https:\/\/yoast.com\/wordpress\/plugins\/seo\/ -->\n<title>ESTUDANTES DE DESIGN DE MIL\u00c3O TRADUZEM O QUE \u00c9 O BRASIL ATRAV\u00c9S DO T\u00caXTIL - DW!<\/title>\n<meta name=\"robots\" content=\"index, follow, max-snippet:-1, max-image-preview:large, max-video-preview:-1\" \/>\n<link rel=\"canonical\" href=\"https:\/\/historia.dwsemanadedesign.com.br\/dwfestival2023\/designers-estudantes-de-milao-traduzem-o-que-e-o-brasil-atraves-do-textil\/\" \/>\n<meta property=\"og:locale\" content=\"pt_BR\" \/>\n<meta property=\"og:type\" content=\"article\" \/>\n<meta property=\"og:title\" content=\"ESTUDANTES DE DESIGN DE MIL\u00c3O TRADUZEM O QUE \u00c9 O BRASIL ATRAV\u00c9S DO T\u00caXTIL - DW!\" \/>\n<meta property=\"og:description\" content=\"A By Kamy apresenta para o DW!, a exposi&ccedil;&atilde;o coletiva Insieme (Juntos), termo em italiano que remete a principal ideia da mostra: unir artistas do mundo inteiro, formados e estudantes do Polit&eacute;cnico de Mil&atilde;o, refer&ecirc;ncia mundial na forma&ccedil;&atilde;o de designers, arquitetos e engenheiros, para traduzirem o Brasil, e assim, conectar v&aacute;rios pa&iacute;ses por meio das [&hellip;]\" \/>\n<meta property=\"og:url\" content=\"https:\/\/historia.dwsemanadedesign.com.br\/dwfestival2023\/designers-estudantes-de-milao-traduzem-o-que-e-o-brasil-atraves-do-textil\/\" \/>\n<meta property=\"og:site_name\" content=\"DW!\" \/>\n<meta property=\"article:published_time\" content=\"2019-07-31T05:34:00+00:00\" \/>\n<meta property=\"article:modified_time\" content=\"2020-07-22T22:02:09+00:00\" \/>\n<meta property=\"og:image\" content=\"https:\/\/historia.dwsemanadedesign.com.br\/dwfestival2023\/wp-content\/uploads\/2019\/07\/39159.jpg\" \/>\n\t<meta property=\"og:image:width\" content=\"1190\" \/>\n\t<meta property=\"og:image:height\" content=\"834\" \/>\n\t<meta property=\"og:image:type\" content=\"image\/jpeg\" \/>\n<meta name=\"author\" content=\"refstecnologia\" \/>\n<meta name=\"twitter:card\" content=\"summary_large_image\" \/>\n<meta name=\"twitter:label1\" content=\"Escrito por\" \/>\n\t<meta name=\"twitter:data1\" content=\"refstecnologia\" \/>\n\t<meta name=\"twitter:label2\" content=\"Est. tempo de leitura\" \/>\n\t<meta name=\"twitter:data2\" content=\"3 minutos\" \/>\n<script type=\"application\/ld+json\" class=\"yoast-schema-graph\">{\"@context\":\"https:\/\/schema.org\",\"@graph\":[{\"@type\":\"Article\",\"@id\":\"https:\/\/historia.dwsemanadedesign.com.br\/dwfestival2023\/designers-estudantes-de-milao-traduzem-o-que-e-o-brasil-atraves-do-textil\/#article\",\"isPartOf\":{\"@id\":\"https:\/\/historia.dwsemanadedesign.com.br\/dwfestival2023\/designers-estudantes-de-milao-traduzem-o-que-e-o-brasil-atraves-do-textil\/\"},\"author\":{\"name\":\"refstecnologia\",\"@id\":\"https:\/\/historia.dwsemanadedesign.com.br\/dwfestival2023\/#\/schema\/person\/98a55f5fc3f76fd82548ca2bf9d64d52\"},\"headline\":\"ESTUDANTES DE DESIGN DE MIL\u00c3O TRADUZEM O QUE \u00c9 O BRASIL ATRAV\u00c9S DO T\u00caXTIL\",\"datePublished\":\"2019-07-31T05:34:00+00:00\",\"dateModified\":\"2020-07-22T22:02:09+00:00\",\"mainEntityOfPage\":{\"@id\":\"https:\/\/historia.dwsemanadedesign.com.br\/dwfestival2023\/designers-estudantes-de-milao-traduzem-o-que-e-o-brasil-atraves-do-textil\/\"},\"wordCount\":574,\"commentCount\":0,\"publisher\":{\"@id\":\"https:\/\/historia.dwsemanadedesign.com.br\/dwfestival2023\/#organization\"},\"image\":{\"@id\":\"https:\/\/historia.dwsemanadedesign.com.br\/dwfestival2023\/designers-estudantes-de-milao-traduzem-o-que-e-o-brasil-atraves-do-textil\/#primaryimage\"},\"thumbnailUrl\":\"https:\/\/historia.dwsemanadedesign.com.br\/dwfestival2023\/wp-content\/uploads\/2019\/07\/39159.jpg\",\"articleSection\":[\"Not\u00edcias\"],\"inLanguage\":\"pt-BR\",\"potentialAction\":[{\"@type\":\"CommentAction\",\"name\":\"Comment\",\"target\":[\"https:\/\/historia.dwsemanadedesign.com.br\/dwfestival2023\/designers-estudantes-de-milao-traduzem-o-que-e-o-brasil-atraves-do-textil\/#respond\"]}]},{\"@type\":\"WebPage\",\"@id\":\"https:\/\/historia.dwsemanadedesign.com.br\/dwfestival2023\/designers-estudantes-de-milao-traduzem-o-que-e-o-brasil-atraves-do-textil\/\",\"url\":\"https:\/\/historia.dwsemanadedesign.com.br\/dwfestival2023\/designers-estudantes-de-milao-traduzem-o-que-e-o-brasil-atraves-do-textil\/\",\"name\":\"ESTUDANTES DE DESIGN DE MIL\u00c3O TRADUZEM O QUE \u00c9 O BRASIL ATRAV\u00c9S DO T\u00caXTIL - DW!\",\"isPartOf\":{\"@id\":\"https:\/\/historia.dwsemanadedesign.com.br\/dwfestival2023\/#website\"},\"primaryImageOfPage\":{\"@id\":\"https:\/\/historia.dwsemanadedesign.com.br\/dwfestival2023\/designers-estudantes-de-milao-traduzem-o-que-e-o-brasil-atraves-do-textil\/#primaryimage\"},\"image\":{\"@id\":\"https:\/\/historia.dwsemanadedesign.com.br\/dwfestival2023\/designers-estudantes-de-milao-traduzem-o-que-e-o-brasil-atraves-do-textil\/#primaryimage\"},\"thumbnailUrl\":\"https:\/\/historia.dwsemanadedesign.com.br\/dwfestival2023\/wp-content\/uploads\/2019\/07\/39159.jpg\",\"datePublished\":\"2019-07-31T05:34:00+00:00\",\"dateModified\":\"2020-07-22T22:02:09+00:00\",\"breadcrumb\":{\"@id\":\"https:\/\/historia.dwsemanadedesign.com.br\/dwfestival2023\/designers-estudantes-de-milao-traduzem-o-que-e-o-brasil-atraves-do-textil\/#breadcrumb\"},\"inLanguage\":\"pt-BR\",\"potentialAction\":[{\"@type\":\"ReadAction\",\"target\":[\"https:\/\/historia.dwsemanadedesign.com.br\/dwfestival2023\/designers-estudantes-de-milao-traduzem-o-que-e-o-brasil-atraves-do-textil\/\"]}]},{\"@type\":\"ImageObject\",\"inLanguage\":\"pt-BR\",\"@id\":\"https:\/\/historia.dwsemanadedesign.com.br\/dwfestival2023\/designers-estudantes-de-milao-traduzem-o-que-e-o-brasil-atraves-do-textil\/#primaryimage\",\"url\":\"https:\/\/historia.dwsemanadedesign.com.br\/dwfestival2023\/wp-content\/uploads\/2019\/07\/39159.jpg\",\"contentUrl\":\"https:\/\/historia.dwsemanadedesign.com.br\/dwfestival2023\/wp-content\/uploads\/2019\/07\/39159.jpg\",\"width\":1190,\"height\":834},{\"@type\":\"BreadcrumbList\",\"@id\":\"https:\/\/historia.dwsemanadedesign.com.br\/dwfestival2023\/designers-estudantes-de-milao-traduzem-o-que-e-o-brasil-atraves-do-textil\/#breadcrumb\",\"itemListElement\":[{\"@type\":\"ListItem\",\"position\":1,\"name\":\"In\u00edcio\",\"item\":\"https:\/\/historia.dwsemanadedesign.com.br\/dwfestival2023\/\"},{\"@type\":\"ListItem\",\"position\":2,\"name\":\"ESTUDANTES DE DESIGN DE MIL\u00c3O TRADUZEM O QUE \u00c9 O BRASIL ATRAV\u00c9S DO T\u00caXTIL\"}]},{\"@type\":\"WebSite\",\"@id\":\"https:\/\/historia.dwsemanadedesign.com.br\/dwfestival2023\/#website\",\"url\":\"https:\/\/historia.dwsemanadedesign.com.br\/dwfestival2023\/\",\"name\":\"DW!\",\"description\":\"S\u00e3o Paulo Design Weekend\",\"publisher\":{\"@id\":\"https:\/\/historia.dwsemanadedesign.com.br\/dwfestival2023\/#organization\"},\"potentialAction\":[{\"@type\":\"SearchAction\",\"target\":{\"@type\":\"EntryPoint\",\"urlTemplate\":\"https:\/\/historia.dwsemanadedesign.com.br\/dwfestival2023\/?s={search_term_string}\"},\"query-input\":\"required name=search_term_string\"}],\"inLanguage\":\"pt-BR\"},{\"@type\":\"Organization\",\"@id\":\"https:\/\/historia.dwsemanadedesign.com.br\/dwfestival2023\/#organization\",\"name\":\"DW!\",\"url\":\"https:\/\/historia.dwsemanadedesign.com.br\/dwfestival2023\/\",\"logo\":{\"@type\":\"ImageObject\",\"inLanguage\":\"pt-BR\",\"@id\":\"https:\/\/historia.dwsemanadedesign.com.br\/dwfestival2023\/#\/schema\/logo\/image\/\",\"url\":\"https:\/\/historia.dwsemanadedesign.com.br\/dwfestival2023\/wp-content\/uploads\/2020\/07\/logodw2023-roxo-2.png\",\"contentUrl\":\"https:\/\/historia.dwsemanadedesign.com.br\/dwfestival2023\/wp-content\/uploads\/2020\/07\/logodw2023-roxo-2.png\",\"width\":370,\"height\":164,\"caption\":\"DW!\"},\"image\":{\"@id\":\"https:\/\/historia.dwsemanadedesign.com.br\/dwfestival2023\/#\/schema\/logo\/image\/\"}},{\"@type\":\"Person\",\"@id\":\"https:\/\/historia.dwsemanadedesign.com.br\/dwfestival2023\/#\/schema\/person\/98a55f5fc3f76fd82548ca2bf9d64d52\",\"name\":\"refstecnologia\",\"image\":{\"@type\":\"ImageObject\",\"inLanguage\":\"pt-BR\",\"@id\":\"https:\/\/historia.dwsemanadedesign.com.br\/dwfestival2023\/#\/schema\/person\/image\/\",\"url\":\"https:\/\/secure.gravatar.com\/avatar\/402f99f4719d5f3bbec64d97c26de598?s=96&d=mm&r=g\",\"contentUrl\":\"https:\/\/secure.gravatar.com\/avatar\/402f99f4719d5f3bbec64d97c26de598?s=96&d=mm&r=g\",\"caption\":\"refstecnologia\"},\"sameAs\":[\"http:\/\/localhost\/dw\"],\"url\":\"https:\/\/historia.dwsemanadedesign.com.br\/dwfestival2023\/author\/refstecnologia\/\"}]}<\/script>\n<!-- \/ Yoast SEO plugin. -->","yoast_head_json":{"title":"ESTUDANTES DE DESIGN DE MIL\u00c3O TRADUZEM O QUE \u00c9 O BRASIL ATRAV\u00c9S DO T\u00caXTIL - DW!","robots":{"index":"index","follow":"follow","max-snippet":"max-snippet:-1","max-image-preview":"max-image-preview:large","max-video-preview":"max-video-preview:-1"},"canonical":"https:\/\/historia.dwsemanadedesign.com.br\/dwfestival2023\/designers-estudantes-de-milao-traduzem-o-que-e-o-brasil-atraves-do-textil\/","og_locale":"pt_BR","og_type":"article","og_title":"ESTUDANTES DE DESIGN DE MIL\u00c3O TRADUZEM O QUE \u00c9 O BRASIL ATRAV\u00c9S DO T\u00caXTIL - DW!","og_description":"A By Kamy apresenta para o DW!, a exposi&ccedil;&atilde;o coletiva Insieme (Juntos), termo em italiano que remete a principal ideia da mostra: unir artistas do mundo inteiro, formados e estudantes do Polit&eacute;cnico de Mil&atilde;o, refer&ecirc;ncia mundial na forma&ccedil;&atilde;o de designers, arquitetos e engenheiros, para traduzirem o Brasil, e assim, conectar v&aacute;rios pa&iacute;ses por meio das [&hellip;]","og_url":"https:\/\/historia.dwsemanadedesign.com.br\/dwfestival2023\/designers-estudantes-de-milao-traduzem-o-que-e-o-brasil-atraves-do-textil\/","og_site_name":"DW!","article_published_time":"2019-07-31T05:34:00+00:00","article_modified_time":"2020-07-22T22:02:09+00:00","og_image":[{"width":1190,"height":834,"url":"https:\/\/historia.dwsemanadedesign.com.br\/dwfestival2023\/wp-content\/uploads\/2019\/07\/39159.jpg","type":"image\/jpeg"}],"author":"refstecnologia","twitter_card":"summary_large_image","twitter_misc":{"Escrito por":"refstecnologia","Est. tempo de leitura":"3 minutos"},"schema":{"@context":"https:\/\/schema.org","@graph":[{"@type":"Article","@id":"https:\/\/historia.dwsemanadedesign.com.br\/dwfestival2023\/designers-estudantes-de-milao-traduzem-o-que-e-o-brasil-atraves-do-textil\/#article","isPartOf":{"@id":"https:\/\/historia.dwsemanadedesign.com.br\/dwfestival2023\/designers-estudantes-de-milao-traduzem-o-que-e-o-brasil-atraves-do-textil\/"},"author":{"name":"refstecnologia","@id":"https:\/\/historia.dwsemanadedesign.com.br\/dwfestival2023\/#\/schema\/person\/98a55f5fc3f76fd82548ca2bf9d64d52"},"headline":"ESTUDANTES DE DESIGN DE MIL\u00c3O TRADUZEM O QUE \u00c9 O BRASIL ATRAV\u00c9S DO T\u00caXTIL","datePublished":"2019-07-31T05:34:00+00:00","dateModified":"2020-07-22T22:02:09+00:00","mainEntityOfPage":{"@id":"https:\/\/historia.dwsemanadedesign.com.br\/dwfestival2023\/designers-estudantes-de-milao-traduzem-o-que-e-o-brasil-atraves-do-textil\/"},"wordCount":574,"commentCount":0,"publisher":{"@id":"https:\/\/historia.dwsemanadedesign.com.br\/dwfestival2023\/#organization"},"image":{"@id":"https:\/\/historia.dwsemanadedesign.com.br\/dwfestival2023\/designers-estudantes-de-milao-traduzem-o-que-e-o-brasil-atraves-do-textil\/#primaryimage"},"thumbnailUrl":"https:\/\/historia.dwsemanadedesign.com.br\/dwfestival2023\/wp-content\/uploads\/2019\/07\/39159.jpg","articleSection":["Not\u00edcias"],"inLanguage":"pt-BR","potentialAction":[{"@type":"CommentAction","name":"Comment","target":["https:\/\/historia.dwsemanadedesign.com.br\/dwfestival2023\/designers-estudantes-de-milao-traduzem-o-que-e-o-brasil-atraves-do-textil\/#respond"]}]},{"@type":"WebPage","@id":"https:\/\/historia.dwsemanadedesign.com.br\/dwfestival2023\/designers-estudantes-de-milao-traduzem-o-que-e-o-brasil-atraves-do-textil\/","url":"https:\/\/historia.dwsemanadedesign.com.br\/dwfestival2023\/designers-estudantes-de-milao-traduzem-o-que-e-o-brasil-atraves-do-textil\/","name":"ESTUDANTES DE DESIGN DE MIL\u00c3O TRADUZEM O QUE \u00c9 O BRASIL ATRAV\u00c9S DO T\u00caXTIL - DW!","isPartOf":{"@id":"https:\/\/historia.dwsemanadedesign.com.br\/dwfestival2023\/#website"},"primaryImageOfPage":{"@id":"https:\/\/historia.dwsemanadedesign.com.br\/dwfestival2023\/designers-estudantes-de-milao-traduzem-o-que-e-o-brasil-atraves-do-textil\/#primaryimage"},"image":{"@id":"https:\/\/historia.dwsemanadedesign.com.br\/dwfestival2023\/designers-estudantes-de-milao-traduzem-o-que-e-o-brasil-atraves-do-textil\/#primaryimage"},"thumbnailUrl":"https:\/\/historia.dwsemanadedesign.com.br\/dwfestival2023\/wp-content\/uploads\/2019\/07\/39159.jpg","datePublished":"2019-07-31T05:34:00+00:00","dateModified":"2020-07-22T22:02:09+00:00","breadcrumb":{"@id":"https:\/\/historia.dwsemanadedesign.com.br\/dwfestival2023\/designers-estudantes-de-milao-traduzem-o-que-e-o-brasil-atraves-do-textil\/#breadcrumb"},"inLanguage":"pt-BR","potentialAction":[{"@type":"ReadAction","target":["https:\/\/historia.dwsemanadedesign.com.br\/dwfestival2023\/designers-estudantes-de-milao-traduzem-o-que-e-o-brasil-atraves-do-textil\/"]}]},{"@type":"ImageObject","inLanguage":"pt-BR","@id":"https:\/\/historia.dwsemanadedesign.com.br\/dwfestival2023\/designers-estudantes-de-milao-traduzem-o-que-e-o-brasil-atraves-do-textil\/#primaryimage","url":"https:\/\/historia.dwsemanadedesign.com.br\/dwfestival2023\/wp-content\/uploads\/2019\/07\/39159.jpg","contentUrl":"https:\/\/historia.dwsemanadedesign.com.br\/dwfestival2023\/wp-content\/uploads\/2019\/07\/39159.jpg","width":1190,"height":834},{"@type":"BreadcrumbList","@id":"https:\/\/historia.dwsemanadedesign.com.br\/dwfestival2023\/designers-estudantes-de-milao-traduzem-o-que-e-o-brasil-atraves-do-textil\/#breadcrumb","itemListElement":[{"@type":"ListItem","position":1,"name":"In\u00edcio","item":"https:\/\/historia.dwsemanadedesign.com.br\/dwfestival2023\/"},{"@type":"ListItem","position":2,"name":"ESTUDANTES DE DESIGN DE MIL\u00c3O TRADUZEM O QUE \u00c9 O BRASIL ATRAV\u00c9S DO T\u00caXTIL"}]},{"@type":"WebSite","@id":"https:\/\/historia.dwsemanadedesign.com.br\/dwfestival2023\/#website","url":"https:\/\/historia.dwsemanadedesign.com.br\/dwfestival2023\/","name":"DW!","description":"S\u00e3o Paulo Design Weekend","publisher":{"@id":"https:\/\/historia.dwsemanadedesign.com.br\/dwfestival2023\/#organization"},"potentialAction":[{"@type":"SearchAction","target":{"@type":"EntryPoint","urlTemplate":"https:\/\/historia.dwsemanadedesign.com.br\/dwfestival2023\/?s={search_term_string}"},"query-input":"required name=search_term_string"}],"inLanguage":"pt-BR"},{"@type":"Organization","@id":"https:\/\/historia.dwsemanadedesign.com.br\/dwfestival2023\/#organization","name":"DW!","url":"https:\/\/historia.dwsemanadedesign.com.br\/dwfestival2023\/","logo":{"@type":"ImageObject","inLanguage":"pt-BR","@id":"https:\/\/historia.dwsemanadedesign.com.br\/dwfestival2023\/#\/schema\/logo\/image\/","url":"https:\/\/historia.dwsemanadedesign.com.br\/dwfestival2023\/wp-content\/uploads\/2020\/07\/logodw2023-roxo-2.png","contentUrl":"https:\/\/historia.dwsemanadedesign.com.br\/dwfestival2023\/wp-content\/uploads\/2020\/07\/logodw2023-roxo-2.png","width":370,"height":164,"caption":"DW!"},"image":{"@id":"https:\/\/historia.dwsemanadedesign.com.br\/dwfestival2023\/#\/schema\/logo\/image\/"}},{"@type":"Person","@id":"https:\/\/historia.dwsemanadedesign.com.br\/dwfestival2023\/#\/schema\/person\/98a55f5fc3f76fd82548ca2bf9d64d52","name":"refstecnologia","image":{"@type":"ImageObject","inLanguage":"pt-BR","@id":"https:\/\/historia.dwsemanadedesign.com.br\/dwfestival2023\/#\/schema\/person\/image\/","url":"https:\/\/secure.gravatar.com\/avatar\/402f99f4719d5f3bbec64d97c26de598?s=96&d=mm&r=g","contentUrl":"https:\/\/secure.gravatar.com\/avatar\/402f99f4719d5f3bbec64d97c26de598?s=96&d=mm&r=g","caption":"refstecnologia"},"sameAs":["http:\/\/localhost\/dw"],"url":"https:\/\/historia.dwsemanadedesign.com.br\/dwfestival2023\/author\/refstecnologia\/"}]}},"_links":{"self":[{"href":"https:\/\/historia.dwsemanadedesign.com.br\/dwfestival2023\/wp-json\/wp\/v2\/posts\/227"}],"collection":[{"href":"https:\/\/historia.dwsemanadedesign.com.br\/dwfestival2023\/wp-json\/wp\/v2\/posts"}],"about":[{"href":"https:\/\/historia.dwsemanadedesign.com.br\/dwfestival2023\/wp-json\/wp\/v2\/types\/post"}],"author":[{"embeddable":true,"href":"https:\/\/historia.dwsemanadedesign.com.br\/dwfestival2023\/wp-json\/wp\/v2\/users\/1"}],"replies":[{"embeddable":true,"href":"https:\/\/historia.dwsemanadedesign.com.br\/dwfestival2023\/wp-json\/wp\/v2\/comments?post=227"}],"version-history":[{"count":0,"href":"https:\/\/historia.dwsemanadedesign.com.br\/dwfestival2023\/wp-json\/wp\/v2\/posts\/227\/revisions"}],"wp:featuredmedia":[{"embeddable":true,"href":"https:\/\/historia.dwsemanadedesign.com.br\/dwfestival2023\/wp-json\/wp\/v2\/media\/495"}],"wp:attachment":[{"href":"https:\/\/historia.dwsemanadedesign.com.br\/dwfestival2023\/wp-json\/wp\/v2\/media?parent=227"}],"wp:term":[{"taxonomy":"category","embeddable":true,"href":"https:\/\/historia.dwsemanadedesign.com.br\/dwfestival2023\/wp-json\/wp\/v2\/categories?post=227"},{"taxonomy":"post_tag","embeddable":true,"href":"https:\/\/historia.dwsemanadedesign.com.br\/dwfestival2023\/wp-json\/wp\/v2\/tags?post=227"}],"curies":[{"name":"wp","href":"https:\/\/api.w.org\/{rel}","templated":true}]}}