{"id":27,"date":"2016-09-22T00:00:00","date_gmt":"2016-09-22T00:00:00","guid":{"rendered":""},"modified":"-0001-11-30T00:00:00","modified_gmt":"-0001-11-30T03:00:00","slug":"ied-discute-design-as-praticas-de-mercado-e-a-ressignificacao-de-objetos-durante-o-dw","status":"publish","type":"post","link":"https:\/\/historia.dwsemanadedesign.com.br\/dwfestival2023\/ied-discute-design-as-praticas-de-mercado-e-a-ressignificacao-de-objetos-durante-o-dw\/","title":{"rendered":"IED S\u00e3o Paulo sedia programa\u00e7\u00e3o do Higien\u00f3polis Design Hub"},"content":{"rendered":"<p style=\"text-align: justify; line-height: 15.0pt; margin: 0cm 0cm 7.5pt 0cm;\"><span style=\"font-size: 10pt; font-family: Helvetica, sans-serif; color: #333333;\">O DW! S&atilde;o Paulo Design Weekend conta com institui&ccedil;&otilde;es de ensino na semana que promete movimentar a cidade. O Istituto Europeo di Design &ndash; IED S&atilde;o Paulo, sede do Higien&oacute;polis Design Hub, promove 15 atra&ccedil;&otilde;es, incluindo cinco exposi&ccedil;&otilde;es,&nbsp;<em>talks<\/em>, o&nbsp;<em>Lounge&nbsp;<\/em>Butzke<em>&nbsp;<\/em>e um desafio criativo.<\/span><\/p>\n<p style=\"text-align: justify; line-height: 15.0pt; background-image: initial; background-repeat: initial; margin: 0cm 0cm 7.5pt 0cm;\"><span style=\"font-size: 10pt; font-family: Helvetica, sans-serif; color: #333333;\">A faculdade destaca algumas novidades para este ano: &ldquo;Design &eacute;&#8230;&rdquo;, exposi&ccedil;&atilde;o oficial comemorativa dos cinco anos de DW!; a participa&ccedil;&atilde;o da designer e curadora Camilla D&rsquo;Anunziata, em parceria com Andrea Bandoni, coordenadora de Design de Produto da faculdade; uma mostra de trabalhos dos alunos da institui&ccedil;&atilde;o; e o pr&eacute;-lan&ccedil;amento da S&atilde;o Paulo Food Design Week, em conjunto com o Eataly e o VIVA Design.<\/span><\/p>\n<p style=\"text-align: justify; line-height: 15.0pt; background-image: initial; background-repeat: initial; margin: 0cm 0cm 7.5pt 0cm;\"><span style=\"font-size: 10pt; font-family: Helvetica, sans-serif; color: #333333;\">Um dos pontos altos da programa&ccedil;&atilde;o ser&aacute; o encontro &ldquo;Mestres da Madeira&rdquo;, que re&uacute;ne os designers Hugo Fran&ccedil;a, Zanini de Zanine, Paulo Alves, Ricardo Graham Ferreira (&ldquo;o ebanista&rdquo;) e Gustavo Bittencourt. A parceria do IED com a ADP &ndash; Associa&ccedil;&atilde;o de Designers de Produto tamb&eacute;m apresenta a mostra &ldquo;Novo Mobili&aacute;rio Brasileiro&rdquo;, com trabalhos de 20 criadores e est&uacute;dios, entre profissionais consagrados e novos talentos.<\/span><\/p>\n<p style=\"text-align: justify; line-height: 15.0pt; background-image: initial; background-repeat: initial; margin: 0cm 0cm 7.5pt 0cm;\"><span style=\"font-size: 10pt; font-family: Helvetica, sans-serif; color: #333333;\">Ana Mae Barbosa, maior especialista em arte-educa&ccedil;&atilde;o na Am&eacute;rica Latina, abre a programa&ccedil;&atilde;o da faculdade (10\/8), &agrave;s 19h. Na noite da quinta-feira (11\/8), &agrave;s 19h30, o IED recebe mestre Espedito Seleiro.&nbsp;<\/span><\/p>\n<p style=\"text-align: justify; background-image: initial; background-repeat: initial; margin: 0cm 0cm 7.5pt 0cm;\"><span style=\"font-size: 10pt;\">Confira a programa&ccedil;&atilde;o completa em:<\/span><br \/><span style=\"font-size: 10pt;\"> <a href=\"http:\/\/ied.edu.br\/sao_paulo\/destaques\/noticias\/ied-no-dw-2016\/\">http:\/\/ied.edu.br\/sao_paulo\/destaques\/noticias\/ied-no-dw-2016\/<\/a><\/span><\/p>\n<p style=\"line-height: 15.0pt; background-image: initial; background-repeat: initial; margin: 0cm 0cm 7.5pt 0cm;\"><span style=\"font-size: 10pt; font-family: Helvetica, sans-serif; color: #333333;\">Os eventos prometem!<\/span><\/p>\n<p style=\"text-align: right;\">&nbsp;<\/p>\n","protected":false},"excerpt":{"rendered":"<p>O DW! S&atilde;o Paulo Design Weekend conta com institui&ccedil;&otilde;es de ensino na semana que promete movimentar a cidade. O Istituto Europeo di Design &ndash; IED S&atilde;o Paulo, sede do Higien&oacute;polis Design Hub, promove 15 atra&ccedil;&otilde;es, incluindo cinco exposi&ccedil;&otilde;es,&nbsp;talks, o&nbsp;Lounge&nbsp;Butzke&nbsp;e um desafio criativo. A faculdade destaca algumas novidades para este ano: &ldquo;Design &eacute;&#8230;&rdquo;, exposi&ccedil;&atilde;o oficial comemorativa [&hellip;]<\/p>\n","protected":false},"author":0,"featured_media":743,"comment_status":"open","ping_status":"open","sticky":false,"template":"","format":"standard","meta":{"footnotes":""},"categories":[5],"tags":[],"yoast_head":"<!-- This site is optimized with the Yoast SEO plugin v22.6 - https:\/\/yoast.com\/wordpress\/plugins\/seo\/ -->\n<title>IED S\u00e3o Paulo sedia programa\u00e7\u00e3o do Higien\u00f3polis Design Hub - DW!<\/title>\n<meta name=\"robots\" content=\"index, follow, max-snippet:-1, max-image-preview:large, max-video-preview:-1\" \/>\n<link rel=\"canonical\" href=\"https:\/\/historia.dwsemanadedesign.com.br\/dwfestival2023\/ied-discute-design-as-praticas-de-mercado-e-a-ressignificacao-de-objetos-durante-o-dw\/\" \/>\n<meta property=\"og:locale\" content=\"pt_BR\" \/>\n<meta property=\"og:type\" content=\"article\" \/>\n<meta property=\"og:title\" content=\"IED S\u00e3o Paulo sedia programa\u00e7\u00e3o do Higien\u00f3polis Design Hub - DW!\" \/>\n<meta property=\"og:description\" content=\"O DW! S&atilde;o Paulo Design Weekend conta com institui&ccedil;&otilde;es de ensino na semana que promete movimentar a cidade. O Istituto Europeo di Design &ndash; IED S&atilde;o Paulo, sede do Higien&oacute;polis Design Hub, promove 15 atra&ccedil;&otilde;es, incluindo cinco exposi&ccedil;&otilde;es,&nbsp;talks, o&nbsp;Lounge&nbsp;Butzke&nbsp;e um desafio criativo. A faculdade destaca algumas novidades para este ano: &ldquo;Design &eacute;&#8230;&rdquo;, exposi&ccedil;&atilde;o oficial comemorativa [&hellip;]\" \/>\n<meta property=\"og:url\" content=\"https:\/\/historia.dwsemanadedesign.com.br\/dwfestival2023\/ied-discute-design-as-praticas-de-mercado-e-a-ressignificacao-de-objetos-durante-o-dw\/\" \/>\n<meta property=\"og:site_name\" content=\"DW!\" \/>\n<meta property=\"article:published_time\" content=\"2016-09-22T00:00:00+00:00\" \/>\n<meta property=\"article:modified_time\" content=\"-0001-11-30T00:00:00+00:00\" \/>\n<meta property=\"og:image\" content=\"https:\/\/historia.dwsemanadedesign.com.br\/dwfestival2023\/wp-content\/uploads\/2016\/09\/3010.jpg\" \/>\n\t<meta property=\"og:image:width\" content=\"350\" \/>\n\t<meta property=\"og:image:height\" content=\"240\" \/>\n\t<meta property=\"og:image:type\" content=\"image\/jpeg\" \/>\n<meta name=\"twitter:card\" content=\"summary_large_image\" \/>\n<meta name=\"twitter:label1\" content=\"Est. tempo de leitura\" \/>\n\t<meta name=\"twitter:data1\" content=\"1 minuto\" \/>\n<script type=\"application\/ld+json\" class=\"yoast-schema-graph\">{\"@context\":\"https:\/\/schema.org\",\"@graph\":[{\"@type\":\"Article\",\"@id\":\"https:\/\/historia.dwsemanadedesign.com.br\/dwfestival2023\/ied-discute-design-as-praticas-de-mercado-e-a-ressignificacao-de-objetos-durante-o-dw\/#article\",\"isPartOf\":{\"@id\":\"https:\/\/historia.dwsemanadedesign.com.br\/dwfestival2023\/ied-discute-design-as-praticas-de-mercado-e-a-ressignificacao-de-objetos-durante-o-dw\/\"},\"author\":{\"name\":\"\",\"@id\":\"\"},\"headline\":\"IED S\u00e3o Paulo sedia programa\u00e7\u00e3o do Higien\u00f3polis Design Hub\",\"datePublished\":\"2016-09-22T00:00:00+00:00\",\"dateModified\":\"-0001-11-30T00:00:00+00:00\",\"mainEntityOfPage\":{\"@id\":\"https:\/\/historia.dwsemanadedesign.com.br\/dwfestival2023\/ied-discute-design-as-praticas-de-mercado-e-a-ressignificacao-de-objetos-durante-o-dw\/\"},\"wordCount\":306,\"commentCount\":0,\"publisher\":{\"@id\":\"https:\/\/historia.dwsemanadedesign.com.br\/dwfestival2023\/#organization\"},\"image\":{\"@id\":\"https:\/\/historia.dwsemanadedesign.com.br\/dwfestival2023\/ied-discute-design-as-praticas-de-mercado-e-a-ressignificacao-de-objetos-durante-o-dw\/#primaryimage\"},\"thumbnailUrl\":\"https:\/\/historia.dwsemanadedesign.com.br\/dwfestival2023\/wp-content\/uploads\/2016\/09\/3010.jpg\",\"articleSection\":[\"Mat\u00e9rias\"],\"inLanguage\":\"pt-BR\",\"potentialAction\":[{\"@type\":\"CommentAction\",\"name\":\"Comment\",\"target\":[\"https:\/\/historia.dwsemanadedesign.com.br\/dwfestival2023\/ied-discute-design-as-praticas-de-mercado-e-a-ressignificacao-de-objetos-durante-o-dw\/#respond\"]}]},{\"@type\":\"WebPage\",\"@id\":\"https:\/\/historia.dwsemanadedesign.com.br\/dwfestival2023\/ied-discute-design-as-praticas-de-mercado-e-a-ressignificacao-de-objetos-durante-o-dw\/\",\"url\":\"https:\/\/historia.dwsemanadedesign.com.br\/dwfestival2023\/ied-discute-design-as-praticas-de-mercado-e-a-ressignificacao-de-objetos-durante-o-dw\/\",\"name\":\"IED S\u00e3o Paulo sedia programa\u00e7\u00e3o do Higien\u00f3polis Design Hub - DW!\",\"isPartOf\":{\"@id\":\"https:\/\/historia.dwsemanadedesign.com.br\/dwfestival2023\/#website\"},\"primaryImageOfPage\":{\"@id\":\"https:\/\/historia.dwsemanadedesign.com.br\/dwfestival2023\/ied-discute-design-as-praticas-de-mercado-e-a-ressignificacao-de-objetos-durante-o-dw\/#primaryimage\"},\"image\":{\"@id\":\"https:\/\/historia.dwsemanadedesign.com.br\/dwfestival2023\/ied-discute-design-as-praticas-de-mercado-e-a-ressignificacao-de-objetos-durante-o-dw\/#primaryimage\"},\"thumbnailUrl\":\"https:\/\/historia.dwsemanadedesign.com.br\/dwfestival2023\/wp-content\/uploads\/2016\/09\/3010.jpg\",\"datePublished\":\"2016-09-22T00:00:00+00:00\",\"dateModified\":\"-0001-11-30T00:00:00+00:00\",\"breadcrumb\":{\"@id\":\"https:\/\/historia.dwsemanadedesign.com.br\/dwfestival2023\/ied-discute-design-as-praticas-de-mercado-e-a-ressignificacao-de-objetos-durante-o-dw\/#breadcrumb\"},\"inLanguage\":\"pt-BR\",\"potentialAction\":[{\"@type\":\"ReadAction\",\"target\":[\"https:\/\/historia.dwsemanadedesign.com.br\/dwfestival2023\/ied-discute-design-as-praticas-de-mercado-e-a-ressignificacao-de-objetos-durante-o-dw\/\"]}]},{\"@type\":\"ImageObject\",\"inLanguage\":\"pt-BR\",\"@id\":\"https:\/\/historia.dwsemanadedesign.com.br\/dwfestival2023\/ied-discute-design-as-praticas-de-mercado-e-a-ressignificacao-de-objetos-durante-o-dw\/#primaryimage\",\"url\":\"https:\/\/historia.dwsemanadedesign.com.br\/dwfestival2023\/wp-content\/uploads\/2016\/09\/3010.jpg\",\"contentUrl\":\"https:\/\/historia.dwsemanadedesign.com.br\/dwfestival2023\/wp-content\/uploads\/2016\/09\/3010.jpg\",\"width\":350,\"height\":240},{\"@type\":\"BreadcrumbList\",\"@id\":\"https:\/\/historia.dwsemanadedesign.com.br\/dwfestival2023\/ied-discute-design-as-praticas-de-mercado-e-a-ressignificacao-de-objetos-durante-o-dw\/#breadcrumb\",\"itemListElement\":[{\"@type\":\"ListItem\",\"position\":1,\"name\":\"In\u00edcio\",\"item\":\"https:\/\/historia.dwsemanadedesign.com.br\/dwfestival2023\/\"},{\"@type\":\"ListItem\",\"position\":2,\"name\":\"IED S\u00e3o Paulo sedia programa\u00e7\u00e3o do Higien\u00f3polis Design Hub\"}]},{\"@type\":\"WebSite\",\"@id\":\"https:\/\/historia.dwsemanadedesign.com.br\/dwfestival2023\/#website\",\"url\":\"https:\/\/historia.dwsemanadedesign.com.br\/dwfestival2023\/\",\"name\":\"DW!\",\"description\":\"S\u00e3o Paulo Design Weekend\",\"publisher\":{\"@id\":\"https:\/\/historia.dwsemanadedesign.com.br\/dwfestival2023\/#organization\"},\"potentialAction\":[{\"@type\":\"SearchAction\",\"target\":{\"@type\":\"EntryPoint\",\"urlTemplate\":\"https:\/\/historia.dwsemanadedesign.com.br\/dwfestival2023\/?s={search_term_string}\"},\"query-input\":\"required name=search_term_string\"}],\"inLanguage\":\"pt-BR\"},{\"@type\":\"Organization\",\"@id\":\"https:\/\/historia.dwsemanadedesign.com.br\/dwfestival2023\/#organization\",\"name\":\"DW!\",\"url\":\"https:\/\/historia.dwsemanadedesign.com.br\/dwfestival2023\/\",\"logo\":{\"@type\":\"ImageObject\",\"inLanguage\":\"pt-BR\",\"@id\":\"https:\/\/historia.dwsemanadedesign.com.br\/dwfestival2023\/#\/schema\/logo\/image\/\",\"url\":\"https:\/\/historia.dwsemanadedesign.com.br\/dwfestival2023\/wp-content\/uploads\/2020\/07\/logodw2023-roxo-2.png\",\"contentUrl\":\"https:\/\/historia.dwsemanadedesign.com.br\/dwfestival2023\/wp-content\/uploads\/2020\/07\/logodw2023-roxo-2.png\",\"width\":370,\"height\":164,\"caption\":\"DW!\"},\"image\":{\"@id\":\"https:\/\/historia.dwsemanadedesign.com.br\/dwfestival2023\/#\/schema\/logo\/image\/\"}}]}<\/script>\n<!-- \/ Yoast SEO plugin. -->","yoast_head_json":{"title":"IED S\u00e3o Paulo sedia programa\u00e7\u00e3o do Higien\u00f3polis Design Hub - DW!","robots":{"index":"index","follow":"follow","max-snippet":"max-snippet:-1","max-image-preview":"max-image-preview:large","max-video-preview":"max-video-preview:-1"},"canonical":"https:\/\/historia.dwsemanadedesign.com.br\/dwfestival2023\/ied-discute-design-as-praticas-de-mercado-e-a-ressignificacao-de-objetos-durante-o-dw\/","og_locale":"pt_BR","og_type":"article","og_title":"IED S\u00e3o Paulo sedia programa\u00e7\u00e3o do Higien\u00f3polis Design Hub - DW!","og_description":"O DW! S&atilde;o Paulo Design Weekend conta com institui&ccedil;&otilde;es de ensino na semana que promete movimentar a cidade. O Istituto Europeo di Design &ndash; IED S&atilde;o Paulo, sede do Higien&oacute;polis Design Hub, promove 15 atra&ccedil;&otilde;es, incluindo cinco exposi&ccedil;&otilde;es,&nbsp;talks, o&nbsp;Lounge&nbsp;Butzke&nbsp;e um desafio criativo. A faculdade destaca algumas novidades para este ano: &ldquo;Design &eacute;&#8230;&rdquo;, exposi&ccedil;&atilde;o oficial comemorativa [&hellip;]","og_url":"https:\/\/historia.dwsemanadedesign.com.br\/dwfestival2023\/ied-discute-design-as-praticas-de-mercado-e-a-ressignificacao-de-objetos-durante-o-dw\/","og_site_name":"DW!","article_published_time":"2016-09-22T00:00:00+00:00","article_modified_time":"-0001-11-30T00:00:00+00:00","og_image":[{"width":350,"height":240,"url":"https:\/\/historia.dwsemanadedesign.com.br\/dwfestival2023\/wp-content\/uploads\/2016\/09\/3010.jpg","type":"image\/jpeg"}],"twitter_card":"summary_large_image","twitter_misc":{"Est. tempo de leitura":"1 minuto"},"schema":{"@context":"https:\/\/schema.org","@graph":[{"@type":"Article","@id":"https:\/\/historia.dwsemanadedesign.com.br\/dwfestival2023\/ied-discute-design-as-praticas-de-mercado-e-a-ressignificacao-de-objetos-durante-o-dw\/#article","isPartOf":{"@id":"https:\/\/historia.dwsemanadedesign.com.br\/dwfestival2023\/ied-discute-design-as-praticas-de-mercado-e-a-ressignificacao-de-objetos-durante-o-dw\/"},"author":{"name":"","@id":""},"headline":"IED S\u00e3o Paulo sedia programa\u00e7\u00e3o do Higien\u00f3polis Design Hub","datePublished":"2016-09-22T00:00:00+00:00","dateModified":"-0001-11-30T00:00:00+00:00","mainEntityOfPage":{"@id":"https:\/\/historia.dwsemanadedesign.com.br\/dwfestival2023\/ied-discute-design-as-praticas-de-mercado-e-a-ressignificacao-de-objetos-durante-o-dw\/"},"wordCount":306,"commentCount":0,"publisher":{"@id":"https:\/\/historia.dwsemanadedesign.com.br\/dwfestival2023\/#organization"},"image":{"@id":"https:\/\/historia.dwsemanadedesign.com.br\/dwfestival2023\/ied-discute-design-as-praticas-de-mercado-e-a-ressignificacao-de-objetos-durante-o-dw\/#primaryimage"},"thumbnailUrl":"https:\/\/historia.dwsemanadedesign.com.br\/dwfestival2023\/wp-content\/uploads\/2016\/09\/3010.jpg","articleSection":["Mat\u00e9rias"],"inLanguage":"pt-BR","potentialAction":[{"@type":"CommentAction","name":"Comment","target":["https:\/\/historia.dwsemanadedesign.com.br\/dwfestival2023\/ied-discute-design-as-praticas-de-mercado-e-a-ressignificacao-de-objetos-durante-o-dw\/#respond"]}]},{"@type":"WebPage","@id":"https:\/\/historia.dwsemanadedesign.com.br\/dwfestival2023\/ied-discute-design-as-praticas-de-mercado-e-a-ressignificacao-de-objetos-durante-o-dw\/","url":"https:\/\/historia.dwsemanadedesign.com.br\/dwfestival2023\/ied-discute-design-as-praticas-de-mercado-e-a-ressignificacao-de-objetos-durante-o-dw\/","name":"IED S\u00e3o Paulo sedia programa\u00e7\u00e3o do Higien\u00f3polis Design Hub - DW!","isPartOf":{"@id":"https:\/\/historia.dwsemanadedesign.com.br\/dwfestival2023\/#website"},"primaryImageOfPage":{"@id":"https:\/\/historia.dwsemanadedesign.com.br\/dwfestival2023\/ied-discute-design-as-praticas-de-mercado-e-a-ressignificacao-de-objetos-durante-o-dw\/#primaryimage"},"image":{"@id":"https:\/\/historia.dwsemanadedesign.com.br\/dwfestival2023\/ied-discute-design-as-praticas-de-mercado-e-a-ressignificacao-de-objetos-durante-o-dw\/#primaryimage"},"thumbnailUrl":"https:\/\/historia.dwsemanadedesign.com.br\/dwfestival2023\/wp-content\/uploads\/2016\/09\/3010.jpg","datePublished":"2016-09-22T00:00:00+00:00","dateModified":"-0001-11-30T00:00:00+00:00","breadcrumb":{"@id":"https:\/\/historia.dwsemanadedesign.com.br\/dwfestival2023\/ied-discute-design-as-praticas-de-mercado-e-a-ressignificacao-de-objetos-durante-o-dw\/#breadcrumb"},"inLanguage":"pt-BR","potentialAction":[{"@type":"ReadAction","target":["https:\/\/historia.dwsemanadedesign.com.br\/dwfestival2023\/ied-discute-design-as-praticas-de-mercado-e-a-ressignificacao-de-objetos-durante-o-dw\/"]}]},{"@type":"ImageObject","inLanguage":"pt-BR","@id":"https:\/\/historia.dwsemanadedesign.com.br\/dwfestival2023\/ied-discute-design-as-praticas-de-mercado-e-a-ressignificacao-de-objetos-durante-o-dw\/#primaryimage","url":"https:\/\/historia.dwsemanadedesign.com.br\/dwfestival2023\/wp-content\/uploads\/2016\/09\/3010.jpg","contentUrl":"https:\/\/historia.dwsemanadedesign.com.br\/dwfestival2023\/wp-content\/uploads\/2016\/09\/3010.jpg","width":350,"height":240},{"@type":"BreadcrumbList","@id":"https:\/\/historia.dwsemanadedesign.com.br\/dwfestival2023\/ied-discute-design-as-praticas-de-mercado-e-a-ressignificacao-de-objetos-durante-o-dw\/#breadcrumb","itemListElement":[{"@type":"ListItem","position":1,"name":"In\u00edcio","item":"https:\/\/historia.dwsemanadedesign.com.br\/dwfestival2023\/"},{"@type":"ListItem","position":2,"name":"IED S\u00e3o Paulo sedia programa\u00e7\u00e3o do Higien\u00f3polis Design Hub"}]},{"@type":"WebSite","@id":"https:\/\/historia.dwsemanadedesign.com.br\/dwfestival2023\/#website","url":"https:\/\/historia.dwsemanadedesign.com.br\/dwfestival2023\/","name":"DW!","description":"S\u00e3o Paulo Design Weekend","publisher":{"@id":"https:\/\/historia.dwsemanadedesign.com.br\/dwfestival2023\/#organization"},"potentialAction":[{"@type":"SearchAction","target":{"@type":"EntryPoint","urlTemplate":"https:\/\/historia.dwsemanadedesign.com.br\/dwfestival2023\/?s={search_term_string}"},"query-input":"required name=search_term_string"}],"inLanguage":"pt-BR"},{"@type":"Organization","@id":"https:\/\/historia.dwsemanadedesign.com.br\/dwfestival2023\/#organization","name":"DW!","url":"https:\/\/historia.dwsemanadedesign.com.br\/dwfestival2023\/","logo":{"@type":"ImageObject","inLanguage":"pt-BR","@id":"https:\/\/historia.dwsemanadedesign.com.br\/dwfestival2023\/#\/schema\/logo\/image\/","url":"https:\/\/historia.dwsemanadedesign.com.br\/dwfestival2023\/wp-content\/uploads\/2020\/07\/logodw2023-roxo-2.png","contentUrl":"https:\/\/historia.dwsemanadedesign.com.br\/dwfestival2023\/wp-content\/uploads\/2020\/07\/logodw2023-roxo-2.png","width":370,"height":164,"caption":"DW!"},"image":{"@id":"https:\/\/historia.dwsemanadedesign.com.br\/dwfestival2023\/#\/schema\/logo\/image\/"}}]}},"_links":{"self":[{"href":"https:\/\/historia.dwsemanadedesign.com.br\/dwfestival2023\/wp-json\/wp\/v2\/posts\/27"}],"collection":[{"href":"https:\/\/historia.dwsemanadedesign.com.br\/dwfestival2023\/wp-json\/wp\/v2\/posts"}],"about":[{"href":"https:\/\/historia.dwsemanadedesign.com.br\/dwfestival2023\/wp-json\/wp\/v2\/types\/post"}],"replies":[{"embeddable":true,"href":"https:\/\/historia.dwsemanadedesign.com.br\/dwfestival2023\/wp-json\/wp\/v2\/comments?post=27"}],"version-history":[{"count":0,"href":"https:\/\/historia.dwsemanadedesign.com.br\/dwfestival2023\/wp-json\/wp\/v2\/posts\/27\/revisions"}],"wp:featuredmedia":[{"embeddable":true,"href":"https:\/\/historia.dwsemanadedesign.com.br\/dwfestival2023\/wp-json\/wp\/v2\/media\/743"}],"wp:attachment":[{"href":"https:\/\/historia.dwsemanadedesign.com.br\/dwfestival2023\/wp-json\/wp\/v2\/media?parent=27"}],"wp:term":[{"taxonomy":"category","embeddable":true,"href":"https:\/\/historia.dwsemanadedesign.com.br\/dwfestival2023\/wp-json\/wp\/v2\/categories?post=27"},{"taxonomy":"post_tag","embeddable":true,"href":"https:\/\/historia.dwsemanadedesign.com.br\/dwfestival2023\/wp-json\/wp\/v2\/tags?post=27"}],"curies":[{"name":"wp","href":"https:\/\/api.w.org\/{rel}","templated":true}]}}