{"id":86,"date":"2018-02-28T06:00:00","date_gmt":"2018-02-28T06:00:00","guid":{"rendered":""},"modified":"-0001-11-30T00:00:00","modified_gmt":"-0001-11-30T03:00:00","slug":"atracoes-destaque-dw-sao-paulo","status":"publish","type":"post","link":"https:\/\/historia.dwsemanadedesign.com.br\/dwfestival2023\/atracoes-destaque-dw-sao-paulo\/","title":{"rendered":"10 atra\u00e7\u00f5es do DW! S\u00e3o Paulo Design Weekend que voc\u00ea precisa relembrar"},"content":{"rendered":"<p>O festival <strong>DW! S&atilde;o Paulo Design Weekend<\/strong> aconteceu entre os dias 9 e 13 de agosto em diversos pontos de S&atilde;o Paulo. Milhares de pessoas passaram pelas 340 atividades realizadas em 120 pontos da capital. Exposi&ccedil;&otilde;es, instala&ccedil;&otilde;es, lan&ccedil;amentos, festas e muitos mais, privados e abertas ao p&uacute;blico, integraram a programa&ccedil;&atilde;o do festival. Aqui, elencamos 10 atra&ccedil;&otilde;es que voc&ecirc; precisa relembrar da &uacute;ltima semana. Confira!<\/p>\n<p style=\"text-align: left;\"><span style=\"font-size: 14pt;\"><strong>MADE<\/strong><\/span><\/p>\n<p style=\"text-align: left;\"><span style=\"font-size: 14pt;\"><strong><\/strong><\/span><\/p>\n<p style=\"text-align: left;\"><span style=\"font-size: 14pt;\"><strong><img decoding=\"async\" loading=\"lazy\" alt=\"MADE\" height=\"333\" src=\"https:\/\/historia.dwsemanadedesign.com.br\/dwfestival2023\/Content\/Uploads\/Images\/\/MADE2_1 - Copy 1.jpg\" width=\"499\" \/><\/p>\n<p><\/strong><\/span><\/p>\n<p style=\"text-align: left;\">Durante o DW!, aconteceu a quinta edi&ccedil;&atilde;o da MADE (Mercado.Arte.Design), feira de design colecion&aacute;vel da Am&eacute;rica Latina. Depois de ocupar o Jockey Club, o evento aconteceu no Pavilh&atilde;o da Bienal, no parque Ibirapuera. Ali, no pr&eacute;dio projetado por Oscar Niemeyer, estiveram reunidos mais de cem expositores nacionais e internacionais &ndash; um n&uacute;mero recorde. Mais galerias e designers mostraram seus trabalhos, a joalheria contempor&acirc;nea fez a sua estreia e uma nova exposi&ccedil;&atilde;o, a &ldquo;HandMADE&rdquo;, foi criada. Al&eacute;m disso, seis pa&iacute;ses exibem pe&ccedil;as e obras de seus criativos. A agenda de palestras trouxe, entre os destaques, o sul-coreano Kwangho Lee, eleito como designer do ano.<\/p>\n<p><span style=\"font-size: 14pt;\"><strong>HIGH DESIGN EXPO<\/strong><\/span><\/p>\n<p><span style=\"font-size: 14pt;\"><strong><br \/><img decoding=\"async\" loading=\"lazy\" alt=\"High Design\" height=\"333\" src=\"https:\/\/historia.dwsemanadedesign.com.br\/dwfestival2023\/Content\/Uploads\/Images\/\/highdesign.jpg\" width=\"499\" \/><br \/><\/strong><\/span><\/p>\n<p><span style=\"font-size: 14pt;\"><strong><\/strong><\/span><\/p>\n<p>O evento &acirc;ncora do DW! tamb&eacute;m aconteceu na &uacute;ltima semana durante o festival e foi um sucesso! Com mais de 100 expositores, a feira recebeu visitantes de todo o pa&iacute;s que buscavam mobili&aacute;rio de alto padr&atilde;o e solu&ccedil;&otilde;es para arquitetura e design de interiores. Durante o evento, talks com profissionais levaram conhecimentos a quem visitou o pavilh&atilde;o. Palestras tamb&eacute;m agitaram o evento. S&eacute;rgio Pe&ccedil;anha, designer e editor gr&aacute;fico do jornal americano The New York Times, falou sobre Jornalismo e Design na Era Digital. Na abertura do CONAD &#8211; Congresso Nacional de Designers de Interiores, realizado durante a feira, o designer e diretor de ilustra&ccedil;&atilde;o e arte da TV Globo, Alexandre Arrabal, contou sua experi&ecirc;ncia e de sua equipe com projetos cenogr&aacute;ficos e de arte na TV Globo.<\/p>\n<p><span style=\"font-size: 14pt;\"><strong><br \/>BOOMSPDESIGN<\/strong><\/span><\/p>\n<p><span style=\"font-size: 14pt;\"><strong><br \/><img decoding=\"async\" loading=\"lazy\" alt=\"Boomdesign\" height=\"271\" src=\"https:\/\/historia.dwsemanadedesign.com.br\/dwfestival2023\/Content\/Uploads\/Images\/\/BOOMSPDESIGN - Copy 1.jpg\" width=\"499\" \/><br \/><\/strong><\/span><\/p>\n<p>A d&eacute;cima edi&ccedil;&atilde;o do BoomSPDesign misturou palestras com exposi&ccedil;&otilde;es e workshops. O F&oacute;rum Internacional de Arquitetura, Design e Arte homenageou o israelense Dror Benshetrit como &ldquo;designer do ano&rdquo;. A programa&ccedil;&atilde;o do f&oacute;rum foi extensa e variada. Al&eacute;m dos talks, houve mostra de mobili&aacute;rio, instala&ccedil;&otilde;es e o Emp&oacute;rio do Design, com pe&ccedil;as &uacute;nicas &agrave; venda a partir de R$ 30. A exposi&ccedil;&atilde;o &ldquo;Design 2&#215;2&rdquo; reuniu o trabalho de nomes como Henrique Steyer, Bruno Faucz e Jos&eacute; Marton. Nas oficinas, os visitantes foram convidados a criar pe&ccedil;as com materiais de reuso.<\/p>\n<p><span style=\"font-size: 14pt;\"><strong>Samsung<\/p>\n<p><\/strong><\/span><\/p>\n<p><span style=\"font-size: 14pt;\"><strong><img decoding=\"async\" loading=\"lazy\" alt=\"Samsung\" height=\"333\" src=\"https:\/\/historia.dwsemanadedesign.com.br\/dwfestival2023\/Content\/Uploads\/Images\/\/SAMSUNG.jpg\" width=\"499\" \/><\/strong><\/span><\/p>\n<p>A Samsung teve um estande especial na feira &acirc;ncora do Design Weekend, a HIGH DESIGN EXPO, e um espa&ccedil;o na L&iacute;der Interiores. O espa&ccedil;o tinha o objetivo de propor intera&ccedil;&atilde;o e experi&ecirc;ncia no mundo das QLED TVs. Os profissionais conheceram todas as fun&ccedil;&otilde;es dos televisores, com destaque para os quesitos est&eacute;tica e solu&ccedil;&atilde;o para projetos de design de interiores. Os visitantes puderam experimentar, dentre outras coisas, o &acirc;ngulo de vis&atilde;o ampliado, a conex&atilde;o invis&iacute;vel e o Controle Remoto &Uacute;nico, que por si s&oacute; &eacute; um objeto cheio de estilo que controla todos os aparelhos conectados &agrave; QLED.<\/p>\n<p><span style=\"font-size: 14pt;\"><strong>Modernos Eternos<\/strong><\/span><\/p>\n<p><span style=\"font-size: 14pt;\"><strong><br \/><img decoding=\"async\" loading=\"lazy\" alt=\"\" height=\"333\" src=\"https:\/\/historia.dwsemanadedesign.com.br\/dwfestival2023\/Content\/Uploads\/Images\/\/MODERNOS ETERNOS.jpg\" width=\"499\" \/><br \/><\/strong><\/span><\/p>\n<p>A mostra Modernos Eternos foi durante o DW! reuniu centenas de m&oacute;veis e objetos que comp&otilde;em os ambientes decorados podem ser comprados pelos visitantes. Em sua quarta edi&ccedil;&atilde;o, o evento aconteceu no Shopping Cidade Jardim, no Morumbi. Neste ano, foram 15 ambientes assinados por arquitetos e designers de interiores de v&aacute;rias gera&ccedil;&otilde;es, como Studio 011, David Bastos, Detinha Nascimento, MAK, Ari Lyra, Paola Ribeiro, Barbara Jalles, Melina Romano e Mestisso Arquitetura.<\/p>\n<p><span style=\"font-size: 14pt;\"><strong>Uniflex<\/p>\n<p><\/strong><\/span><\/p>\n<p><span style=\"font-size: 14pt;\"><strong><img decoding=\"async\" loading=\"lazy\" alt=\"\" height=\"333\" src=\"https:\/\/historia.dwsemanadedesign.com.br\/dwfestival2023\/Content\/Uploads\/Images\/\/UNIFLEX.jpg\" width=\"499\" \/><\/strong><\/span><\/p>\n<p>A empresa especializada em produtos de prote&ccedil;&atilde;o solar como rol&ocirc;s, persianas e cortinas apresentou seus lan&ccedil;amentos. Foram18 novas cores com diferentes texturas para a cortina XL Pleat. Vinte e um tons para a Mystique, que tem apar&ecirc;ncias de linho r&uacute;stico, palha natural, entre outras, e mais 17 op&ccedil;&otilde;es de tecido para a cortina Shangri-la. Outra importante novidade foi a chegada do rol&ocirc; Design. Para fechar a programa&ccedil;&atilde;o da marca, a curadora do DW! Regina Galv&atilde;o selecionou pontos do festival para uma visita guiada.<\/p>\n<p><span style=\"font-size: 14pt;\"><strong>D&amp;D Shopping<\/strong><\/span><\/p>\n<p><span style=\"font-size: 14pt;\"><strong><\/strong><\/span><\/p>\n<p><span style=\"font-size: 14pt;\"><strong><img decoding=\"async\" loading=\"lazy\" alt=\"\" height=\"333\" src=\"https:\/\/historia.dwsemanadedesign.com.br\/dwfestival2023\/Content\/Uploads\/Images\/\/DED.jpg\" width=\"387\" \/><\/p>\n<p><\/strong><\/span><\/p>\n<p>O Shoppind D&amp;D se envolveu intensamente neste ano com o DW! S&atilde;o Paulo Design Weekend e ocupou os tr&ecirc;s pisos (boulevard, t&eacute;rreo e superior) com exposi&ccedil;&otilde;es. Uma das exposi&ccedil;&otilde;es apresentou o Acervo Fiesp com pe&ccedil;as do design internacional, as quais inclu&iacute;ram m&oacute;veis e objetos criados nos s&eacute;culos 19 e 20 por grandes nomes do design industrial. Entre os profissionais que apresentaram, estiveram Le Corbusier, Eero Saarinen, S&eacute;rgio Rodrigues, dentre outros. Tamb&eacute;m foram expostas pe&ccedil;as do Museu das Cadeiras, do Rio de Janeiro. Dezenas de pe&ccedil;as ic&ocirc;nicas nacionais e internacionais foram apresentadas. Irm&atilde;os Campana, Lina Bo Bardi e Alessandro Mendini apresentaram suas cria&ccedil;&otilde;es historicamente admiradas.<\/p>\n<p><span style=\"font-size: 14pt;\"><strong>Senac<\/strong><\/span><\/p>\n<p><span style=\"font-size: 14pt;\"><strong><br \/><img decoding=\"async\" loading=\"lazy\" alt=\"\" height=\"333\" src=\"https:\/\/historia.dwsemanadedesign.com.br\/dwfestival2023\/Content\/Uploads\/Images\/\/SENAC.jpg\" width=\"499\" \/><br \/><\/strong><\/span><\/p>\n<p>Durante o Design Weekend!, a institui&ccedil;&atilde;o ocupou o Conjunto Nacional, s&iacute;mbolo arquitet&ocirc;nico da capital paulista, com estruturas espaciais chamadas geod&eacute;sicas. A instala&ccedil;&atilde;o com os elementos tridimensionais, idealizada pelos alunos de arquitetura e urbanismo por meio de estudos geom&eacute;tricos e matem&aacute;ticos, teve a proposta de convidar o p&uacute;blico a perceber outras espacialidades, enquadramentos e percep&ccedil;&otilde;es do edif&iacute;cio moderno. Palestras tamb&eacute;m estiveram na agenda do Senac S&atilde;o Paulo. Em sua 12&ordf; edi&ccedil;&atilde;o, o Design Essencial abordou o tema &ldquo;Espa&ccedil;os de Conviv&ecirc;ncia&rdquo; e trouxe os arquitetos Marcio Kogan e Diana Radomysler, do studio mk27, para discutir como os projetos de arquitetura e de interiores auxiliam na cria&ccedil;&atilde;o desses espa&ccedil;os em grande ou pequena escala, sendo eles p&uacute;blicos ou privados.<\/p>\n<p><span style=\"font-size: 14pt;\"><strong><\/strong><\/span><\/p>\n<p><span style=\"font-size: 14pt;\"><strong>IED<\/p>\n<p><\/strong><\/span><\/p>\n<p><span style=\"font-size: 14pt;\"><strong><img decoding=\"async\" loading=\"lazy\" alt=\"\" height=\"333\" src=\"https:\/\/historia.dwsemanadedesign.com.br\/dwfestival2023\/Content\/Uploads\/Images\/\/IED.jpg\" width=\"499\" \/><\/strong><\/span><\/p>\n<p>A participa&ccedil;&atilde;o do IED (Instituto Europeu de Design) no DW! comemorou os 50 anos do instituto no mundo, com 50 atra&ccedil;&otilde;es concentradas na sede, em Higien&oacute;polis. A programa&ccedil;&atilde;o foi dividida em sete eixos: oficinas gratuitas, com experi&ecirc;ncias pr&aacute;ticas em v&aacute;rias &aacute;reas; design de m&oacute;veis, com exposi&ccedil;&otilde;es e conte&uacute;dos em parceria com a Abim&oacute;vel (Associa&ccedil;&atilde;o Brasileira das Ind&uacute;strias do Mobili&aacute;rio); food design, com degusta&ccedil;&otilde;es; design de joias, com mostra e workshops; programa&ccedil;&atilde;o acad&ecirc;mica, com projetos voltados aos estudantes de gradua&ccedil;&atilde;o; conte&uacute;dos para profissionais de design, com pain&eacute;is e o workshop &ldquo;Gest&atilde;o de Neg&oacute;cios em Design&rdquo;, em parceria com a ADP (Associa&ccedil;&atilde;o dos Designers de Produto); e uma festa.<\/p>\n<p><span style=\"font-size: 14pt;\"><strong>Sebrae<\/strong><\/span><\/p>\n<p>A institui&ccedil;&atilde;o participou do Design Weekend com um estande na feira HIGH DESIGN para apresentar cerca de 20 projetos de cinco Estados que foram realizados com subs&iacute;dios da institui&ccedil;&atilde;o em diferentes segmentos: m&oacute;veis, cal&ccedil;ados, identidade visual corporativa, design de ambientes e embalagens de produtos. Os especialistas do Sebrae fizeram atendimentos, orienta&ccedil;&otilde;es e tamb&eacute;m conduziram uma a&ccedil;&atilde;o de levantamento de cen&aacute;rios e de tend&ecirc;ncias no setor, de forma colaborativa e participativa, com o p&uacute;blico.<\/p>\n","protected":false},"excerpt":{"rendered":"<p>O festival DW! S&atilde;o Paulo Design Weekend aconteceu entre os dias 9 e 13 de agosto em diversos pontos de S&atilde;o Paulo. Milhares de pessoas passaram pelas 340 atividades realizadas em 120 pontos da capital. Exposi&ccedil;&otilde;es, instala&ccedil;&otilde;es, lan&ccedil;amentos, festas e muitos mais, privados e abertas ao p&uacute;blico, integraram a programa&ccedil;&atilde;o do festival. Aqui, elencamos 10 [&hellip;]<\/p>\n","protected":false},"author":0,"featured_media":697,"comment_status":"open","ping_status":"open","sticky":false,"template":"","format":"standard","meta":{"footnotes":""},"categories":[5],"tags":[],"yoast_head":"<!-- This site is optimized with the Yoast SEO plugin v22.6 - https:\/\/yoast.com\/wordpress\/plugins\/seo\/ -->\n<title>10 atra\u00e7\u00f5es do DW! S\u00e3o Paulo Design Weekend que voc\u00ea precisa relembrar   - DW!<\/title>\n<meta name=\"robots\" content=\"index, follow, max-snippet:-1, max-image-preview:large, max-video-preview:-1\" \/>\n<link rel=\"canonical\" href=\"https:\/\/historia.dwsemanadedesign.com.br\/dwfestival2023\/atracoes-destaque-dw-sao-paulo\/\" \/>\n<meta property=\"og:locale\" content=\"pt_BR\" \/>\n<meta property=\"og:type\" content=\"article\" \/>\n<meta property=\"og:title\" content=\"10 atra\u00e7\u00f5es do DW! S\u00e3o Paulo Design Weekend que voc\u00ea precisa relembrar   - DW!\" \/>\n<meta property=\"og:description\" content=\"O festival DW! S&atilde;o Paulo Design Weekend aconteceu entre os dias 9 e 13 de agosto em diversos pontos de S&atilde;o Paulo. Milhares de pessoas passaram pelas 340 atividades realizadas em 120 pontos da capital. Exposi&ccedil;&otilde;es, instala&ccedil;&otilde;es, lan&ccedil;amentos, festas e muitos mais, privados e abertas ao p&uacute;blico, integraram a programa&ccedil;&atilde;o do festival. Aqui, elencamos 10 [&hellip;]\" \/>\n<meta property=\"og:url\" content=\"https:\/\/historia.dwsemanadedesign.com.br\/dwfestival2023\/atracoes-destaque-dw-sao-paulo\/\" \/>\n<meta property=\"og:site_name\" content=\"DW!\" \/>\n<meta property=\"article:published_time\" content=\"2018-02-28T06:00:00+00:00\" \/>\n<meta property=\"article:modified_time\" content=\"-0001-11-30T00:00:00+00:00\" \/>\n<meta property=\"og:image\" content=\"https:\/\/historia.dwsemanadedesign.com.br\/dwfestival2023\/wp-content\/uploads\/2018\/02\/39014.jpg\" \/>\n\t<meta property=\"og:image:width\" content=\"591\" \/>\n\t<meta property=\"og:image:height\" content=\"270\" \/>\n\t<meta property=\"og:image:type\" content=\"image\/jpeg\" \/>\n<meta name=\"twitter:card\" content=\"summary_large_image\" \/>\n<meta name=\"twitter:label1\" content=\"Est. tempo de leitura\" \/>\n\t<meta name=\"twitter:data1\" content=\"7 minutos\" \/>\n<script type=\"application\/ld+json\" class=\"yoast-schema-graph\">{\"@context\":\"https:\/\/schema.org\",\"@graph\":[{\"@type\":\"Article\",\"@id\":\"https:\/\/historia.dwsemanadedesign.com.br\/dwfestival2023\/atracoes-destaque-dw-sao-paulo\/#article\",\"isPartOf\":{\"@id\":\"https:\/\/historia.dwsemanadedesign.com.br\/dwfestival2023\/atracoes-destaque-dw-sao-paulo\/\"},\"author\":{\"name\":\"\",\"@id\":\"\"},\"headline\":\"10 atra\u00e7\u00f5es do DW! S\u00e3o Paulo Design Weekend que voc\u00ea precisa relembrar\",\"datePublished\":\"2018-02-28T06:00:00+00:00\",\"dateModified\":\"-0001-11-30T00:00:00+00:00\",\"mainEntityOfPage\":{\"@id\":\"https:\/\/historia.dwsemanadedesign.com.br\/dwfestival2023\/atracoes-destaque-dw-sao-paulo\/\"},\"wordCount\":1390,\"commentCount\":0,\"publisher\":{\"@id\":\"https:\/\/historia.dwsemanadedesign.com.br\/dwfestival2023\/#organization\"},\"image\":{\"@id\":\"https:\/\/historia.dwsemanadedesign.com.br\/dwfestival2023\/atracoes-destaque-dw-sao-paulo\/#primaryimage\"},\"thumbnailUrl\":\"https:\/\/historia.dwsemanadedesign.com.br\/dwfestival2023\/wp-content\/uploads\/2018\/02\/39014.jpg\",\"articleSection\":[\"Mat\u00e9rias\"],\"inLanguage\":\"pt-BR\",\"potentialAction\":[{\"@type\":\"CommentAction\",\"name\":\"Comment\",\"target\":[\"https:\/\/historia.dwsemanadedesign.com.br\/dwfestival2023\/atracoes-destaque-dw-sao-paulo\/#respond\"]}]},{\"@type\":\"WebPage\",\"@id\":\"https:\/\/historia.dwsemanadedesign.com.br\/dwfestival2023\/atracoes-destaque-dw-sao-paulo\/\",\"url\":\"https:\/\/historia.dwsemanadedesign.com.br\/dwfestival2023\/atracoes-destaque-dw-sao-paulo\/\",\"name\":\"10 atra\u00e7\u00f5es do DW! S\u00e3o Paulo Design Weekend que voc\u00ea precisa relembrar - DW!\",\"isPartOf\":{\"@id\":\"https:\/\/historia.dwsemanadedesign.com.br\/dwfestival2023\/#website\"},\"primaryImageOfPage\":{\"@id\":\"https:\/\/historia.dwsemanadedesign.com.br\/dwfestival2023\/atracoes-destaque-dw-sao-paulo\/#primaryimage\"},\"image\":{\"@id\":\"https:\/\/historia.dwsemanadedesign.com.br\/dwfestival2023\/atracoes-destaque-dw-sao-paulo\/#primaryimage\"},\"thumbnailUrl\":\"https:\/\/historia.dwsemanadedesign.com.br\/dwfestival2023\/wp-content\/uploads\/2018\/02\/39014.jpg\",\"datePublished\":\"2018-02-28T06:00:00+00:00\",\"dateModified\":\"-0001-11-30T00:00:00+00:00\",\"breadcrumb\":{\"@id\":\"https:\/\/historia.dwsemanadedesign.com.br\/dwfestival2023\/atracoes-destaque-dw-sao-paulo\/#breadcrumb\"},\"inLanguage\":\"pt-BR\",\"potentialAction\":[{\"@type\":\"ReadAction\",\"target\":[\"https:\/\/historia.dwsemanadedesign.com.br\/dwfestival2023\/atracoes-destaque-dw-sao-paulo\/\"]}]},{\"@type\":\"ImageObject\",\"inLanguage\":\"pt-BR\",\"@id\":\"https:\/\/historia.dwsemanadedesign.com.br\/dwfestival2023\/atracoes-destaque-dw-sao-paulo\/#primaryimage\",\"url\":\"https:\/\/historia.dwsemanadedesign.com.br\/dwfestival2023\/wp-content\/uploads\/2018\/02\/39014.jpg\",\"contentUrl\":\"https:\/\/historia.dwsemanadedesign.com.br\/dwfestival2023\/wp-content\/uploads\/2018\/02\/39014.jpg\",\"width\":591,\"height\":270},{\"@type\":\"BreadcrumbList\",\"@id\":\"https:\/\/historia.dwsemanadedesign.com.br\/dwfestival2023\/atracoes-destaque-dw-sao-paulo\/#breadcrumb\",\"itemListElement\":[{\"@type\":\"ListItem\",\"position\":1,\"name\":\"In\u00edcio\",\"item\":\"https:\/\/historia.dwsemanadedesign.com.br\/dwfestival2023\/\"},{\"@type\":\"ListItem\",\"position\":2,\"name\":\"10 atra\u00e7\u00f5es do DW! S\u00e3o Paulo Design Weekend que voc\u00ea precisa relembrar\"}]},{\"@type\":\"WebSite\",\"@id\":\"https:\/\/historia.dwsemanadedesign.com.br\/dwfestival2023\/#website\",\"url\":\"https:\/\/historia.dwsemanadedesign.com.br\/dwfestival2023\/\",\"name\":\"DW!\",\"description\":\"S\u00e3o Paulo Design Weekend\",\"publisher\":{\"@id\":\"https:\/\/historia.dwsemanadedesign.com.br\/dwfestival2023\/#organization\"},\"potentialAction\":[{\"@type\":\"SearchAction\",\"target\":{\"@type\":\"EntryPoint\",\"urlTemplate\":\"https:\/\/historia.dwsemanadedesign.com.br\/dwfestival2023\/?s={search_term_string}\"},\"query-input\":\"required name=search_term_string\"}],\"inLanguage\":\"pt-BR\"},{\"@type\":\"Organization\",\"@id\":\"https:\/\/historia.dwsemanadedesign.com.br\/dwfestival2023\/#organization\",\"name\":\"DW!\",\"url\":\"https:\/\/historia.dwsemanadedesign.com.br\/dwfestival2023\/\",\"logo\":{\"@type\":\"ImageObject\",\"inLanguage\":\"pt-BR\",\"@id\":\"https:\/\/historia.dwsemanadedesign.com.br\/dwfestival2023\/#\/schema\/logo\/image\/\",\"url\":\"https:\/\/historia.dwsemanadedesign.com.br\/dwfestival2023\/wp-content\/uploads\/2020\/07\/logodw2023-roxo-2.png\",\"contentUrl\":\"https:\/\/historia.dwsemanadedesign.com.br\/dwfestival2023\/wp-content\/uploads\/2020\/07\/logodw2023-roxo-2.png\",\"width\":370,\"height\":164,\"caption\":\"DW!\"},\"image\":{\"@id\":\"https:\/\/historia.dwsemanadedesign.com.br\/dwfestival2023\/#\/schema\/logo\/image\/\"}}]}<\/script>\n<!-- \/ Yoast SEO plugin. -->","yoast_head_json":{"title":"10 atra\u00e7\u00f5es do DW! S\u00e3o Paulo Design Weekend que voc\u00ea precisa relembrar   - DW!","robots":{"index":"index","follow":"follow","max-snippet":"max-snippet:-1","max-image-preview":"max-image-preview:large","max-video-preview":"max-video-preview:-1"},"canonical":"https:\/\/historia.dwsemanadedesign.com.br\/dwfestival2023\/atracoes-destaque-dw-sao-paulo\/","og_locale":"pt_BR","og_type":"article","og_title":"10 atra\u00e7\u00f5es do DW! S\u00e3o Paulo Design Weekend que voc\u00ea precisa relembrar   - DW!","og_description":"O festival DW! S&atilde;o Paulo Design Weekend aconteceu entre os dias 9 e 13 de agosto em diversos pontos de S&atilde;o Paulo. Milhares de pessoas passaram pelas 340 atividades realizadas em 120 pontos da capital. Exposi&ccedil;&otilde;es, instala&ccedil;&otilde;es, lan&ccedil;amentos, festas e muitos mais, privados e abertas ao p&uacute;blico, integraram a programa&ccedil;&atilde;o do festival. Aqui, elencamos 10 [&hellip;]","og_url":"https:\/\/historia.dwsemanadedesign.com.br\/dwfestival2023\/atracoes-destaque-dw-sao-paulo\/","og_site_name":"DW!","article_published_time":"2018-02-28T06:00:00+00:00","article_modified_time":"-0001-11-30T00:00:00+00:00","og_image":[{"width":591,"height":270,"url":"https:\/\/historia.dwsemanadedesign.com.br\/dwfestival2023\/wp-content\/uploads\/2018\/02\/39014.jpg","type":"image\/jpeg"}],"twitter_card":"summary_large_image","twitter_misc":{"Est. tempo de leitura":"7 minutos"},"schema":{"@context":"https:\/\/schema.org","@graph":[{"@type":"Article","@id":"https:\/\/historia.dwsemanadedesign.com.br\/dwfestival2023\/atracoes-destaque-dw-sao-paulo\/#article","isPartOf":{"@id":"https:\/\/historia.dwsemanadedesign.com.br\/dwfestival2023\/atracoes-destaque-dw-sao-paulo\/"},"author":{"name":"","@id":""},"headline":"10 atra\u00e7\u00f5es do DW! S\u00e3o Paulo Design Weekend que voc\u00ea precisa relembrar","datePublished":"2018-02-28T06:00:00+00:00","dateModified":"-0001-11-30T00:00:00+00:00","mainEntityOfPage":{"@id":"https:\/\/historia.dwsemanadedesign.com.br\/dwfestival2023\/atracoes-destaque-dw-sao-paulo\/"},"wordCount":1390,"commentCount":0,"publisher":{"@id":"https:\/\/historia.dwsemanadedesign.com.br\/dwfestival2023\/#organization"},"image":{"@id":"https:\/\/historia.dwsemanadedesign.com.br\/dwfestival2023\/atracoes-destaque-dw-sao-paulo\/#primaryimage"},"thumbnailUrl":"https:\/\/historia.dwsemanadedesign.com.br\/dwfestival2023\/wp-content\/uploads\/2018\/02\/39014.jpg","articleSection":["Mat\u00e9rias"],"inLanguage":"pt-BR","potentialAction":[{"@type":"CommentAction","name":"Comment","target":["https:\/\/historia.dwsemanadedesign.com.br\/dwfestival2023\/atracoes-destaque-dw-sao-paulo\/#respond"]}]},{"@type":"WebPage","@id":"https:\/\/historia.dwsemanadedesign.com.br\/dwfestival2023\/atracoes-destaque-dw-sao-paulo\/","url":"https:\/\/historia.dwsemanadedesign.com.br\/dwfestival2023\/atracoes-destaque-dw-sao-paulo\/","name":"10 atra\u00e7\u00f5es do DW! S\u00e3o Paulo Design Weekend que voc\u00ea precisa relembrar - DW!","isPartOf":{"@id":"https:\/\/historia.dwsemanadedesign.com.br\/dwfestival2023\/#website"},"primaryImageOfPage":{"@id":"https:\/\/historia.dwsemanadedesign.com.br\/dwfestival2023\/atracoes-destaque-dw-sao-paulo\/#primaryimage"},"image":{"@id":"https:\/\/historia.dwsemanadedesign.com.br\/dwfestival2023\/atracoes-destaque-dw-sao-paulo\/#primaryimage"},"thumbnailUrl":"https:\/\/historia.dwsemanadedesign.com.br\/dwfestival2023\/wp-content\/uploads\/2018\/02\/39014.jpg","datePublished":"2018-02-28T06:00:00+00:00","dateModified":"-0001-11-30T00:00:00+00:00","breadcrumb":{"@id":"https:\/\/historia.dwsemanadedesign.com.br\/dwfestival2023\/atracoes-destaque-dw-sao-paulo\/#breadcrumb"},"inLanguage":"pt-BR","potentialAction":[{"@type":"ReadAction","target":["https:\/\/historia.dwsemanadedesign.com.br\/dwfestival2023\/atracoes-destaque-dw-sao-paulo\/"]}]},{"@type":"ImageObject","inLanguage":"pt-BR","@id":"https:\/\/historia.dwsemanadedesign.com.br\/dwfestival2023\/atracoes-destaque-dw-sao-paulo\/#primaryimage","url":"https:\/\/historia.dwsemanadedesign.com.br\/dwfestival2023\/wp-content\/uploads\/2018\/02\/39014.jpg","contentUrl":"https:\/\/historia.dwsemanadedesign.com.br\/dwfestival2023\/wp-content\/uploads\/2018\/02\/39014.jpg","width":591,"height":270},{"@type":"BreadcrumbList","@id":"https:\/\/historia.dwsemanadedesign.com.br\/dwfestival2023\/atracoes-destaque-dw-sao-paulo\/#breadcrumb","itemListElement":[{"@type":"ListItem","position":1,"name":"In\u00edcio","item":"https:\/\/historia.dwsemanadedesign.com.br\/dwfestival2023\/"},{"@type":"ListItem","position":2,"name":"10 atra\u00e7\u00f5es do DW! S\u00e3o Paulo Design Weekend que voc\u00ea precisa relembrar"}]},{"@type":"WebSite","@id":"https:\/\/historia.dwsemanadedesign.com.br\/dwfestival2023\/#website","url":"https:\/\/historia.dwsemanadedesign.com.br\/dwfestival2023\/","name":"DW!","description":"S\u00e3o Paulo Design Weekend","publisher":{"@id":"https:\/\/historia.dwsemanadedesign.com.br\/dwfestival2023\/#organization"},"potentialAction":[{"@type":"SearchAction","target":{"@type":"EntryPoint","urlTemplate":"https:\/\/historia.dwsemanadedesign.com.br\/dwfestival2023\/?s={search_term_string}"},"query-input":"required name=search_term_string"}],"inLanguage":"pt-BR"},{"@type":"Organization","@id":"https:\/\/historia.dwsemanadedesign.com.br\/dwfestival2023\/#organization","name":"DW!","url":"https:\/\/historia.dwsemanadedesign.com.br\/dwfestival2023\/","logo":{"@type":"ImageObject","inLanguage":"pt-BR","@id":"https:\/\/historia.dwsemanadedesign.com.br\/dwfestival2023\/#\/schema\/logo\/image\/","url":"https:\/\/historia.dwsemanadedesign.com.br\/dwfestival2023\/wp-content\/uploads\/2020\/07\/logodw2023-roxo-2.png","contentUrl":"https:\/\/historia.dwsemanadedesign.com.br\/dwfestival2023\/wp-content\/uploads\/2020\/07\/logodw2023-roxo-2.png","width":370,"height":164,"caption":"DW!"},"image":{"@id":"https:\/\/historia.dwsemanadedesign.com.br\/dwfestival2023\/#\/schema\/logo\/image\/"}}]}},"_links":{"self":[{"href":"https:\/\/historia.dwsemanadedesign.com.br\/dwfestival2023\/wp-json\/wp\/v2\/posts\/86"}],"collection":[{"href":"https:\/\/historia.dwsemanadedesign.com.br\/dwfestival2023\/wp-json\/wp\/v2\/posts"}],"about":[{"href":"https:\/\/historia.dwsemanadedesign.com.br\/dwfestival2023\/wp-json\/wp\/v2\/types\/post"}],"replies":[{"embeddable":true,"href":"https:\/\/historia.dwsemanadedesign.com.br\/dwfestival2023\/wp-json\/wp\/v2\/comments?post=86"}],"version-history":[{"count":0,"href":"https:\/\/historia.dwsemanadedesign.com.br\/dwfestival2023\/wp-json\/wp\/v2\/posts\/86\/revisions"}],"wp:featuredmedia":[{"embeddable":true,"href":"https:\/\/historia.dwsemanadedesign.com.br\/dwfestival2023\/wp-json\/wp\/v2\/media\/697"}],"wp:attachment":[{"href":"https:\/\/historia.dwsemanadedesign.com.br\/dwfestival2023\/wp-json\/wp\/v2\/media?parent=86"}],"wp:term":[{"taxonomy":"category","embeddable":true,"href":"https:\/\/historia.dwsemanadedesign.com.br\/dwfestival2023\/wp-json\/wp\/v2\/categories?post=86"},{"taxonomy":"post_tag","embeddable":true,"href":"https:\/\/historia.dwsemanadedesign.com.br\/dwfestival2023\/wp-json\/wp\/v2\/tags?post=86"}],"curies":[{"name":"wp","href":"https:\/\/api.w.org\/{rel}","templated":true}]}}